{"id":39793,"date":"2021-08-23T11:57:29","date_gmt":"2021-08-23T09:57:29","guid":{"rendered":"http:\/\/www.casariche.es\/?p=39793"},"modified":"2021-08-23T11:57:29","modified_gmt":"2021-08-23T09:57:29","slug":"casariche-logra-reducir-a-la-mitad-su-tasa-de-contagio-que-se-situa-en-1658-casos-por-cada-100-000-habitantes","status":"publish","type":"post","link":"http:\/\/www.casariche.es\/?p=39793","title":{"rendered":"Casariche logra reducir a la mitad su tasa de contagio, que se sit\u00faa en 165&#8217;8 casos por cada 100.000 habitantes"},"content":{"rendered":"<p><strong>Un gran descenso en la incidencia acumulada se ha registrado en nuestro municipio, el cual ha conseguido reducirla a la mitad, hasta los 165&#8217;8 casos por cada 100.000 habitantes. Los \u00abcasos activos positivos\u00bb de los \u00faltimos 7 d\u00edas son 2, y durante los \u00faltimos 14 d\u00edas han bajado hasta los 9 casos.<\/strong><\/p>\n<p><strong>Desde el pasado viernes, d\u00eda 20 de agosto, Casariche ha sumado un \u00fanico nuevo contagio por COVID19<\/strong> seg\u00fan los \u00faltimos datos oficiales publicado por el Instituto de Estad\u00edstica y Cartograf\u00eda de Andaluc\u00eda y por la Consejer\u00eda de Salud y Familias.<\/p>\n<p>Recordamos que se han habilitado nuevas fechas para vacunaciones masivas sin necesidad de cita previa en la localidad vecina de Estepa (Pabell\u00f3n Cubierto del Recinto Ferial). As\u00ed, que <strong>desde el Consistorio Municipal hacemos un llamamiento a todas las vecinas y vecinos mayores de 12 a\u00f1os que a\u00fan no se han puesto la primera dosis de la vacuna y que cumplan los criterios establecidos<\/strong> (no tener s\u00edntomas de COVID, no estar en aislamiento, si se ha pasado la COVID deben haber transcurrido al menos 6 meses), para que acudan a vacunarse en unos de estos d\u00edas:<\/p>\n<ul>\n<li><em>Lunes 23, de 11 a 13 horas<\/em><\/li>\n<li><em>Martes 24, de 11 a 13 horas y de 16 a 18 horas<\/em><\/li>\n<li><em>Jueves 26, de 11 a 13 horas y de 16 a 18 horas<\/em><\/li>\n<li><em>Viernes 27, de 11 a 13 horas<\/em><\/li>\n<\/ul>\n<p>Mucho \u00e1nimo y fuerza, Casariche. \u00a1Juntos saldremos adelante!<\/p>\n<div style=\"width: 750px;\" class=\"wp-video\"><video class=\"wp-video-shortcode\" id=\"video-39793-1\" width=\"750\" height=\"422\" preload=\"metadata\" controls=\"controls\"><source type=\"video\/mp4\" src=\"http:\/\/www.casariche.es\/wp-content\/uploads\/2021\/08\/COVID19-24062021-14.mp4?_=1\" \/><a href=\"http:\/\/www.casariche.es\/wp-content\/uploads\/2021\/08\/COVID19-24062021-14.mp4\">http:\/\/www.casariche.es\/wp-content\/uploads\/2021\/08\/COVID19-24062021-14.mp4<\/a><\/video><\/div>\n","protected":false},"excerpt":{"rendered":"<p>Un gran descenso en la incidencia acumulada se ha registrado en nuestro municipio, el cual ha conseguido reducirla a la mitad, hasta los 165&#8217;8 casos<\/p>\n","protected":false},"author":1,"featured_media":39797,"comment_status":"closed","ping_status":"closed","sticky":false,"template":"","format":"standard","meta":{"footnotes":""},"categories":[1],"tags":[13,3626,2901,2900],"class_list":["post-39793","post","type-post","status-publish","format-standard","has-post-thumbnail","hentry","category-sin-categoria","tag-casariche","tag-casos-positvos","tag-coronavirus","tag-covid19"],"_links":{"self":[{"href":"http:\/\/www.casariche.es\/index.php?rest_route=\/wp\/v2\/posts\/39793","targetHints":{"allow":["GET"]}}],"collection":[{"href":"http:\/\/www.casariche.es\/index.php?rest_route=\/wp\/v2\/posts"}],"about":[{"href":"http:\/\/www.casariche.es\/index.php?rest_route=\/wp\/v2\/types\/post"}],"author":[{"embeddable":true,"href":"http:\/\/www.casariche.es\/index.php?rest_route=\/wp\/v2\/users\/1"}],"replies":[{"embeddable":true,"href":"http:\/\/www.casariche.es\/index.php?rest_route=%2Fwp%2Fv2%2Fcomments&post=39793"}],"version-history":[{"count":3,"href":"http:\/\/www.casariche.es\/index.php?rest_route=\/wp\/v2\/posts\/39793\/revisions"}],"predecessor-version":[{"id":39798,"href":"http:\/\/www.casariche.es\/index.php?rest_route=\/wp\/v2\/posts\/39793\/revisions\/39798"}],"wp:featuredmedia":[{"embeddable":true,"href":"http:\/\/www.casariche.es\/index.php?rest_route=\/wp\/v2\/media\/39797"}],"wp:attachment":[{"href":"http:\/\/www.casariche.es\/index.php?rest_route=%2Fwp%2Fv2%2Fmedia&parent=39793"}],"wp:term":[{"taxonomy":"category","embeddable":true,"href":"http:\/\/www.casariche.es\/index.php?rest_route=%2Fwp%2Fv2%2Fcategories&post=39793"},{"taxonomy":"post_tag","embeddable":true,"href":"http:\/\/www.casariche.es\/index.php?rest_route=%2Fwp%2Fv2%2Ftags&post=39793"}],"curies":[{"name":"wp","href":"https:\/\/api.w.org\/{rel}","templated":true}]}}