{"id":39477,"date":"2021-07-30T15:57:07","date_gmt":"2021-07-30T13:57:07","guid":{"rendered":"https:\/\/www.casariche.es\/?p=39477"},"modified":"2021-07-30T15:57:07","modified_gmt":"2021-07-30T13:57:07","slug":"ocho-casos-positivos-por-covid19-en-las-ultimas-24-horas-elevan-la-tasa-de-contagio-a-3500-casos-por-cada-100-000-habitantes","status":"publish","type":"post","link":"http:\/\/www.casariche.es\/?p=39477","title":{"rendered":"Ocho casos positivos por COVID19 en las \u00faltimas 24 horas elevan la tasa de contagio a 350&#8217;0 casos por cada 100.000 habitantes"},"content":{"rendered":"<p style=\"text-align: justify;\">Hoy los datos arrojan un balance nada favorable con respecto a la situaci\u00f3n epidemiol\u00f3gica de Casariche, ya que seg\u00fan la \u00faltima actualizaci\u00f3n de datos oficiales publicados por el Instituto de Estad\u00edstica y Cartograf\u00eda de Andaluc\u00eda y la Consejer\u00eda de Salud y Familias, hemos registrado un <strong>aumento de 8 nuevos casos por COVID19 en las \u00faltimas 24 horas<\/strong>.<\/p>\n<p style=\"text-align: justify;\">Dicho incremento ha provocado que <strong>la tasa de contagio por cada 100.000 habitantes se sit\u00fae en los 350,0 casos<\/strong>, elev\u00e1ndose tambi\u00e9n las cifras de los \u00abcasos activos positivos\u00bb de los \u00faltimos 14 y 7 d\u00edas, a 19 y 16 casos, respectivamente.<\/p>\n<p style=\"text-align: justify;\">Sin lugar a dudas, estas cifras son bastante desfavorables, y por ello, es prioritario que, entre todos consigamos estabilizar nuevamente la incidencia de la pandemia en nuestro municipio. La mejor manera de combatir al coronavirus, tal y como venimos insistiendo a diario, es nuestra responsabilidad individual<\/p>\n<p style=\"text-align: justify;\"><strong>Debemos ser prudentes y actuar con sensatez, siempre cumpliendo estrictamente todas las medidas sanitarias y normas establecidas<\/strong>, especialmente con el uso de la mascarilla en todo momento, la higiene continua de manos, el distanciamiento social y la ventilaci\u00f3n de espacios cerrados.<\/p>\n<p style=\"text-align: justify;\">Asimismo, informamos que, tras la \u00faltima reuni\u00f3n del Comit\u00e9 Territorial de Alertas de Salud P\u00fablica de Alto Impacto de Sevilla y debido al aumento de contagios, tanto <strong>Casariche como todo el Distrito Sanitario \u00abSevilla Este\u00bb, as\u00ed como todos los distritos sanitarios de la provincia, <\/strong>han vuelto a pasar al <strong>Nivel de Alerta 2<\/strong> (en principio, como m\u00ednimo, siete d\u00edas).<\/p>\n<p style=\"text-align: justify;\">Este cambio de nivel supone en esta ocasi\u00f3n una <strong>reducci\u00f3n de los aforos<\/strong>. Incluimos a continuaci\u00f3n, para su consulta, el mapa de Andaluc\u00eda por distritos sanitarios con los niveles de alerta y el cartel informativo con medidas ante la COVID19 &#8211; Nivel 2.<\/p>\n<p style=\"text-align: justify;\"><strong>Estamos seguros de que con el esfuerzo y el compromiso de todas nuestras vecinas y vecinos, saldremos adelante.<\/strong><\/p>\n<p style=\"text-align: justify;\">Mucho \u00e1nimo y fuerza, Casariche.<\/p>\n<div style=\"width: 750px;\" class=\"wp-video\"><video class=\"wp-video-shortcode\" id=\"video-39477-1\" width=\"750\" height=\"422\" preload=\"metadata\" controls=\"controls\"><source type=\"video\/mp4\" src=\"http:\/\/www.casariche.es\/wp-content\/uploads\/2021\/07\/casariche-covid-30-julio-2021.mp4?_=1\" \/><a href=\"http:\/\/www.casariche.es\/wp-content\/uploads\/2021\/07\/casariche-covid-30-julio-2021.mp4\">http:\/\/www.casariche.es\/wp-content\/uploads\/2021\/07\/casariche-covid-30-julio-2021.mp4<\/a><\/video><\/div>\n<p><img loading=\"lazy\" decoding=\"async\" class=\"aligncenter size-full wp-image-39486\" src=\"http:\/\/www.casariche.es\/wp-content\/uploads\/2021\/07\/mapa-covid-nivel-2-sevilla.jpg\" alt=\"\" width=\"664\" height=\"419\" srcset=\"http:\/\/www.casariche.es\/wp-content\/uploads\/2021\/07\/mapa-covid-nivel-2-sevilla.jpg 664w, http:\/\/www.casariche.es\/wp-content\/uploads\/2021\/07\/mapa-covid-nivel-2-sevilla-300x189.jpg 300w\" sizes=\"auto, (max-width: 664px) 100vw, 664px\" \/> <img loading=\"lazy\" decoding=\"async\" class=\"aligncenter size-full wp-image-39487\" src=\"http:\/\/www.casariche.es\/wp-content\/uploads\/2021\/07\/nivel-2-alerta-aforos.jpg\" alt=\"\" width=\"546\" height=\"960\" srcset=\"http:\/\/www.casariche.es\/wp-content\/uploads\/2021\/07\/nivel-2-alerta-aforos.jpg 546w, http:\/\/www.casariche.es\/wp-content\/uploads\/2021\/07\/nivel-2-alerta-aforos-171x300.jpg 171w\" sizes=\"auto, (max-width: 546px) 100vw, 546px\" \/><\/p>\n","protected":false},"excerpt":{"rendered":"<p>Hoy los datos arrojan un balance nada favorable con respecto a la situaci\u00f3n epidemiol\u00f3gica de Casariche, ya que seg\u00fan la \u00faltima actualizaci\u00f3n de datos oficiales<\/p>\n","protected":false},"author":2,"featured_media":39488,"comment_status":"closed","ping_status":"closed","sticky":false,"template":"","format":"standard","meta":{"footnotes":""},"categories":[1],"tags":[13,3247,2900,3843],"class_list":["post-39477","post","type-post","status-publish","format-standard","has-post-thumbnail","hentry","category-sin-categoria","tag-casariche","tag-casos-positivos","tag-covid19","tag-cronavirus"],"_links":{"self":[{"href":"http:\/\/www.casariche.es\/index.php?rest_route=\/wp\/v2\/posts\/39477","targetHints":{"allow":["GET"]}}],"collection":[{"href":"http:\/\/www.casariche.es\/index.php?rest_route=\/wp\/v2\/posts"}],"about":[{"href":"http:\/\/www.casariche.es\/index.php?rest_route=\/wp\/v2\/types\/post"}],"author":[{"embeddable":true,"href":"http:\/\/www.casariche.es\/index.php?rest_route=\/wp\/v2\/users\/2"}],"replies":[{"embeddable":true,"href":"http:\/\/www.casariche.es\/index.php?rest_route=%2Fwp%2Fv2%2Fcomments&post=39477"}],"version-history":[{"count":5,"href":"http:\/\/www.casariche.es\/index.php?rest_route=\/wp\/v2\/posts\/39477\/revisions"}],"predecessor-version":[{"id":39489,"href":"http:\/\/www.casariche.es\/index.php?rest_route=\/wp\/v2\/posts\/39477\/revisions\/39489"}],"wp:featuredmedia":[{"embeddable":true,"href":"http:\/\/www.casariche.es\/index.php?rest_route=\/wp\/v2\/media\/39488"}],"wp:attachment":[{"href":"http:\/\/www.casariche.es\/index.php?rest_route=%2Fwp%2Fv2%2Fmedia&parent=39477"}],"wp:term":[{"taxonomy":"category","embeddable":true,"href":"http:\/\/www.casariche.es\/index.php?rest_route=%2Fwp%2Fv2%2Fcategories&post=39477"},{"taxonomy":"post_tag","embeddable":true,"href":"http:\/\/www.casariche.es\/index.php?rest_route=%2Fwp%2Fv2%2Ftags&post=39477"}],"curies":[{"name":"wp","href":"https:\/\/api.w.org\/{rel}","templated":true}]}}