{"id":39413,"date":"2021-07-31T09:00:33","date_gmt":"2021-07-31T07:00:33","guid":{"rendered":"https:\/\/www.casariche.es\/?p=39413"},"modified":"2021-07-30T18:25:31","modified_gmt":"2021-07-30T16:25:31","slug":"manana-1-de-agosto-toca-cambio-de-estacionamiento-de-vehiculos-2","status":"publish","type":"post","link":"http:\/\/www.casariche.es\/?p=39413","title":{"rendered":"Ma\u00f1ana 1 de Agosto toca cambio de estacionamiento de veh\u00edculos"},"content":{"rendered":"<p style=\"text-align: justify;\">Desde la Polic\u00eda Local de Casariche, se informa a todos los vecin@s que ma\u00f1ana <strong>domingo 1 de Agosto<\/strong> toca el<strong> cambio de estacionamiento en las calles en las que as\u00ed est\u00e1 regulado<\/strong> y que, por tanto, deber\u00e1n cambiar sus veh\u00edculos lo m\u00e1s pronto posible.<\/p>\n<p style=\"text-align: justify;\">Como siempre,<strong> agradecemos de antemano su colaboraci\u00f3n<\/strong>.<\/p>\n<p><img loading=\"lazy\" decoding=\"async\" class=\"aligncenter size-full wp-image-35789\" src=\"http:\/\/www.casariche.es\/wp-content\/uploads\/2021\/01\/coches-aparcados.jpg\" alt=\"\" width=\"720\" height=\"445\" srcset=\"http:\/\/www.casariche.es\/wp-content\/uploads\/2021\/01\/coches-aparcados.jpg 720w, http:\/\/www.casariche.es\/wp-content\/uploads\/2021\/01\/coches-aparcados-300x185.jpg 300w\" sizes=\"auto, (max-width: 720px) 100vw, 720px\" \/><\/p>\n","protected":false},"excerpt":{"rendered":"<p>Desde la Polic\u00eda Local de Casariche, se informa a todos los vecin@s que ma\u00f1ana domingo 1 de Agosto toca el cambio de estacionamiento en las<\/p>\n","protected":false},"author":2,"featured_media":35789,"comment_status":"closed","ping_status":"closed","sticky":false,"template":"","format":"standard","meta":{"footnotes":""},"categories":[1,16],"tags":[753,1112,449,752],"class_list":["post-39413","post","type-post","status-publish","format-standard","has-post-thumbnail","hentry","category-sin-categoria","category-urbanismo","tag-cambio","tag-coches","tag-estacionamiento","tag-vehiculos"],"_links":{"self":[{"href":"http:\/\/www.casariche.es\/index.php?rest_route=\/wp\/v2\/posts\/39413","targetHints":{"allow":["GET"]}}],"collection":[{"href":"http:\/\/www.casariche.es\/index.php?rest_route=\/wp\/v2\/posts"}],"about":[{"href":"http:\/\/www.casariche.es\/index.php?rest_route=\/wp\/v2\/types\/post"}],"author":[{"embeddable":true,"href":"http:\/\/www.casariche.es\/index.php?rest_route=\/wp\/v2\/users\/2"}],"replies":[{"embeddable":true,"href":"http:\/\/www.casariche.es\/index.php?rest_route=%2Fwp%2Fv2%2Fcomments&post=39413"}],"version-history":[{"count":2,"href":"http:\/\/www.casariche.es\/index.php?rest_route=\/wp\/v2\/posts\/39413\/revisions"}],"predecessor-version":[{"id":39415,"href":"http:\/\/www.casariche.es\/index.php?rest_route=\/wp\/v2\/posts\/39413\/revisions\/39415"}],"wp:featuredmedia":[{"embeddable":true,"href":"http:\/\/www.casariche.es\/index.php?rest_route=\/wp\/v2\/media\/35789"}],"wp:attachment":[{"href":"http:\/\/www.casariche.es\/index.php?rest_route=%2Fwp%2Fv2%2Fmedia&parent=39413"}],"wp:term":[{"taxonomy":"category","embeddable":true,"href":"http:\/\/www.casariche.es\/index.php?rest_route=%2Fwp%2Fv2%2Fcategories&post=39413"},{"taxonomy":"post_tag","embeddable":true,"href":"http:\/\/www.casariche.es\/index.php?rest_route=%2Fwp%2Fv2%2Ftags&post=39413"}],"curies":[{"name":"wp","href":"https:\/\/api.w.org\/{rel}","templated":true}]}}