{"id":37152,"date":"2021-04-29T18:00:29","date_gmt":"2021-04-29T16:00:29","guid":{"rendered":"https:\/\/www.casariche.es\/?p=37152"},"modified":"2021-04-29T16:28:11","modified_gmt":"2021-04-29T14:28:11","slug":"aprobado-el-proyecto-de-intervencion-arqueologica-en-las-canteras-romanas-del-cerro-bellido-elaborado-por-nuestra-coleccion-museografica","status":"publish","type":"post","link":"http:\/\/www.casariche.es\/?p=37152","title":{"rendered":"Aprobado el proyecto de \u201cIntervenci\u00f3n arqueol\u00f3gica en las Canteras Romanas del Cerro Bellido\u201d elaborado por nuestra Colecci\u00f3n Museogr\u00e1fica"},"content":{"rendered":"<p style=\"text-align: justify;\">Nuestro municipio ha resultado beneficiario de un <strong>proyecto enmarcado en el Programa de Campos de Voluntariado Juvenil 2021 del Instituto Andaluz de la Juventud<\/strong>, presentado por nuestro Ayuntamiento y gestionado y elaborado por la Colecci\u00f3n Museogr\u00e1fica del Mosaico Romano de nuestra localidad. Gracias al mismo, se dar\u00e1 continuaci\u00f3n, a trav\u00e9s de una segunda fase, a la actuaci\u00f3n realizada el pasado verano en nuestro enclave cultural y natural del Cerro Bellido, mediante el Proyecto de puesta en valor del patrimonio cultural de Casariche.<\/p>\n<p style=\"text-align: justify;\">En concreto, con este proyecto, denominado <strong>\u201cIntervenci\u00f3n arqueol\u00f3gica en las Canteras Romanas del Cerro Bellido\u201d,<\/strong> e inmerso dentro de la modalidad de arqueolog\u00eda, <strong>se podr\u00e1 dar por finalizada la excavaci\u00f3n de dichas canteras, obteniendo toda la informaci\u00f3n posible del yacimiento, para terminar as\u00ed lo que comenz\u00f3 en los meses de julio y agosto de 2020, dando a nuestro patrimonio cultural y natural el lugar que merece<\/strong>.<\/p>\n<p style=\"text-align: justify;\">Cabe destacar que el proyecto casariche\u00f1o <strong>ha sido uno de los 16 proyectos aprobados en toda la comunidad andaluza y uno de los dos \u00fanicos concedidos en la provincia de Sevilla<\/strong>, lo que supone <strong>una excelente noticia para nuestra localidad, nuestro patrimonio y nuestra cultura<\/strong>.<\/p>\n<p style=\"text-align: justify;\">El programa de <strong>Campos de Voluntariado Juvenil<\/strong>, de car\u00e1cter nacional, y <strong>dirigido a 20 j\u00f3venes de entre 18 y 30 a\u00f1os,<\/strong> <strong>dar\u00e1 comienzo el 19 de agosto de 2021 y tendr\u00e1 una duraci\u00f3n de 15 d\u00edas<\/strong>, en los que los voluntarios que formen parte del campo tendr\u00e1n la oportunidad, adem\u00e1s de participar directamente en la excavaci\u00f3n arqueol\u00f3gica, de conocer y disfrutar de todo el patrimonio de nuestra localidad y sus alrededores, mediante un calendario de actividades paralelas programado para tal fin, que incluye, entre otras, visitas, talleres y rutas de senderismo.<\/p>\n<p><img loading=\"lazy\" decoding=\"async\" class=\"aligncenter size-full wp-image-37154\" src=\"http:\/\/www.casariche.es\/wp-content\/uploads\/2021\/04\/Cerro-2-scaled.jpg\" alt=\"\" width=\"2560\" height=\"1920\" srcset=\"http:\/\/www.casariche.es\/wp-content\/uploads\/2021\/04\/Cerro-2-scaled.jpg 2560w, http:\/\/www.casariche.es\/wp-content\/uploads\/2021\/04\/Cerro-2-300x225.jpg 300w, http:\/\/www.casariche.es\/wp-content\/uploads\/2021\/04\/Cerro-2-1024x768.jpg 1024w, http:\/\/www.casariche.es\/wp-content\/uploads\/2021\/04\/Cerro-2-768x576.jpg 768w, http:\/\/www.casariche.es\/wp-content\/uploads\/2021\/04\/Cerro-2-1536x1152.jpg 1536w, http:\/\/www.casariche.es\/wp-content\/uploads\/2021\/04\/Cerro-2-2048x1536.jpg 2048w, http:\/\/www.casariche.es\/wp-content\/uploads\/2021\/04\/Cerro-2-100x75.jpg 100w\" sizes=\"auto, (max-width: 2560px) 100vw, 2560px\" \/><\/p>\n<p><img loading=\"lazy\" decoding=\"async\" class=\"aligncenter size-full wp-image-37155\" src=\"http:\/\/www.casariche.es\/wp-content\/uploads\/2021\/04\/Cerro-3.jpg\" alt=\"\" width=\"1984\" height=\"1488\" srcset=\"http:\/\/www.casariche.es\/wp-content\/uploads\/2021\/04\/Cerro-3.jpg 1984w, http:\/\/www.casariche.es\/wp-content\/uploads\/2021\/04\/Cerro-3-300x225.jpg 300w, http:\/\/www.casariche.es\/wp-content\/uploads\/2021\/04\/Cerro-3-1024x768.jpg 1024w, http:\/\/www.casariche.es\/wp-content\/uploads\/2021\/04\/Cerro-3-768x576.jpg 768w, http:\/\/www.casariche.es\/wp-content\/uploads\/2021\/04\/Cerro-3-1536x1152.jpg 1536w, http:\/\/www.casariche.es\/wp-content\/uploads\/2021\/04\/Cerro-3-100x75.jpg 100w\" sizes=\"auto, (max-width: 1984px) 100vw, 1984px\" \/><\/p>\n<p><img loading=\"lazy\" decoding=\"async\" class=\"aligncenter size-full wp-image-37156\" src=\"http:\/\/www.casariche.es\/wp-content\/uploads\/2021\/04\/cerro-scaled.jpg\" alt=\"\" width=\"2560\" height=\"1440\" srcset=\"http:\/\/www.casariche.es\/wp-content\/uploads\/2021\/04\/cerro-scaled.jpg 2560w, http:\/\/www.casariche.es\/wp-content\/uploads\/2021\/04\/cerro-300x169.jpg 300w, http:\/\/www.casariche.es\/wp-content\/uploads\/2021\/04\/cerro-1024x576.jpg 1024w, http:\/\/www.casariche.es\/wp-content\/uploads\/2021\/04\/cerro-768x432.jpg 768w, http:\/\/www.casariche.es\/wp-content\/uploads\/2021\/04\/cerro-1536x864.jpg 1536w, http:\/\/www.casariche.es\/wp-content\/uploads\/2021\/04\/cerro-2048x1152.jpg 2048w\" sizes=\"auto, (max-width: 2560px) 100vw, 2560px\" \/><\/p>\n<p><img loading=\"lazy\" decoding=\"async\" class=\"aligncenter size-full wp-image-37157\" src=\"http:\/\/www.casariche.es\/wp-content\/uploads\/2021\/04\/IMG-20200703-WA0058.jpg\" alt=\"\" width=\"2048\" height=\"703\" srcset=\"http:\/\/www.casariche.es\/wp-content\/uploads\/2021\/04\/IMG-20200703-WA0058.jpg 2048w, http:\/\/www.casariche.es\/wp-content\/uploads\/2021\/04\/IMG-20200703-WA0058-300x103.jpg 300w, http:\/\/www.casariche.es\/wp-content\/uploads\/2021\/04\/IMG-20200703-WA0058-1024x352.jpg 1024w, http:\/\/www.casariche.es\/wp-content\/uploads\/2021\/04\/IMG-20200703-WA0058-768x264.jpg 768w, http:\/\/www.casariche.es\/wp-content\/uploads\/2021\/04\/IMG-20200703-WA0058-1536x527.jpg 1536w\" sizes=\"auto, (max-width: 2048px) 100vw, 2048px\" \/><\/p>\n","protected":false},"excerpt":{"rendered":"<p>Nuestro municipio ha resultado beneficiario de un proyecto enmarcado en el Programa de Campos de Voluntariado Juvenil 2021 del Instituto Andaluz de la Juventud, presentado<\/p>\n","protected":false},"author":2,"featured_media":37154,"comment_status":"closed","ping_status":"closed","sticky":false,"template":"","format":"standard","meta":{"footnotes":""},"categories":[7,1,18],"tags":[1155,1741,342,1154,1085,1398,87],"class_list":["post-37152","post","type-post","status-publish","format-standard","has-post-thumbnail","hentry","category-cultura","category-sin-categoria","category-turismo","tag-bellido","tag-campos","tag-canteras","tag-cerro","tag-proyecto","tag-romanas","tag-voluntariado"],"_links":{"self":[{"href":"http:\/\/www.casariche.es\/index.php?rest_route=\/wp\/v2\/posts\/37152","targetHints":{"allow":["GET"]}}],"collection":[{"href":"http:\/\/www.casariche.es\/index.php?rest_route=\/wp\/v2\/posts"}],"about":[{"href":"http:\/\/www.casariche.es\/index.php?rest_route=\/wp\/v2\/types\/post"}],"author":[{"embeddable":true,"href":"http:\/\/www.casariche.es\/index.php?rest_route=\/wp\/v2\/users\/2"}],"replies":[{"embeddable":true,"href":"http:\/\/www.casariche.es\/index.php?rest_route=%2Fwp%2Fv2%2Fcomments&post=37152"}],"version-history":[{"count":2,"href":"http:\/\/www.casariche.es\/index.php?rest_route=\/wp\/v2\/posts\/37152\/revisions"}],"predecessor-version":[{"id":37158,"href":"http:\/\/www.casariche.es\/index.php?rest_route=\/wp\/v2\/posts\/37152\/revisions\/37158"}],"wp:featuredmedia":[{"embeddable":true,"href":"http:\/\/www.casariche.es\/index.php?rest_route=\/wp\/v2\/media\/37154"}],"wp:attachment":[{"href":"http:\/\/www.casariche.es\/index.php?rest_route=%2Fwp%2Fv2%2Fmedia&parent=37152"}],"wp:term":[{"taxonomy":"category","embeddable":true,"href":"http:\/\/www.casariche.es\/index.php?rest_route=%2Fwp%2Fv2%2Fcategories&post=37152"},{"taxonomy":"post_tag","embeddable":true,"href":"http:\/\/www.casariche.es\/index.php?rest_route=%2Fwp%2Fv2%2Ftags&post=37152"}],"curies":[{"name":"wp","href":"https:\/\/api.w.org\/{rel}","templated":true}]}}