{"id":37118,"date":"2021-04-28T08:59:55","date_gmt":"2021-04-28T06:59:55","guid":{"rendered":"http:\/\/www.casariche.es\/?p=37118"},"modified":"2021-04-28T08:59:55","modified_gmt":"2021-04-28T06:59:55","slug":"manana-jueves-29-de-abril-entra-en-vigor-una-relajacion-de-las-medidas-decretadas-por-la-junta-de-andalucia","status":"publish","type":"post","link":"http:\/\/www.casariche.es\/?p=37118","title":{"rendered":"Ma\u00f1ana, jueves 29 de abril, entra en vigor una relajaci\u00f3n de las medidas decretadas por la Junta de Andaluc\u00eda"},"content":{"rendered":"<p class=\"\">Durante la jornada de ayer, el presidente de la Junta de Andaluc\u00eda inform\u00f3 de la entrada en vigor de la flexibilizaci\u00f3n de las medidas frente a la pandemia, las cuales <strong>entrar\u00e1n en vigor a partir de las 0:00 horas de ma\u00f1ana jueves 29 de abril<\/strong> (es decir, entran en vigor, en la medianoche del mi\u00e9rcoles 28 al jueves 29) <strong>y permanecer\u00e1n vigentes hasta el d\u00eda 9 de mayo.<\/strong><\/p>\n<p class=\"\">Estas medidas, estudiadas y maduradas durante la reuni\u00f3n del Consejo Asesor de Alertas de Salud P\u00fablica de Alto Impacto (Comit\u00e9 de Expertos) de Andaluc\u00eda, se toman ante la estabilizaci\u00f3n general de la cuarta ola y el ritmo de vacunaci\u00f3n auton\u00f3mico. Las nuevas medidas son las siguientes:<\/p>\n<p class=\"\" style=\"padding-left: 40px;\">1. Se permite la movilidad entre las ocho provincias de Andaluc\u00eda.<\/p>\n<p class=\"\" style=\"padding-left: 40px;\">2. Contin\u00faa el cierre perimetral de la comunidad aut\u00f3noma, de manera que solo se podr\u00e1 entrar y salir de Andaluc\u00eda con una causa justificada.<\/p>\n<p class=\"\" style=\"padding-left: 40px;\">3. Tambi\u00e9n se mantiene el toque de queda entre las 23 y las 6 horas.<\/p>\n<p class=\"\" style=\"padding-left: 40px;\">4. Se permite la actividad comercial y de la hosteler\u00eda hasta las 22.30 horas. En el caso de la hosteler\u00eda y la restauraci\u00f3n podr\u00e1n tener clientes hasta las 23 horas. La condici\u00f3n es que siempre regresen a sus casas con el toque de queda y respeten ese l\u00edmite de las 23 horas.<\/p>\n<p class=\"\" style=\"padding-left: 40px;\">5. En las reuniones al aire libre se permite un m\u00e1ximo de 6 personas y de 4 en espacios interiores de los establecimientos de hosteler\u00eda. <strong>En aquellos municipios en los que la tasa de contagios supere los 500 casos por cada 100.000 habitantes se establecer\u00e1 el cierre perimetral. No habr\u00e1 cambios en los horarios, que ser\u00e1n iguales que en el resto de los municipios.<\/strong><\/p>\n<p class=\"\" style=\"padding-left: 40px;\">6. Los municipios con una tasa de m\u00e1s de 1.000 contagios por cada 100.000 habitantes quedar\u00e1n cerrados perimetralmente y, adem\u00e1s, se cerrar\u00e1 toda actividad no esencial, como hasta ahora.<\/p>\n<p class=\"\"><strong>Ma\u00f1ana jueves d\u00eda 29, se evaluar\u00e1 la situaci\u00f3n epidemiol\u00f3gica de nuestro pueblo, y previsiblemente se decretar\u00e1 el cierre perimetral de Casariche, ya que, a pesar de las altas que se producir\u00e1n, se espera que la tasa de contagio contin\u00fae por encima de los 500 casos por cada 100.000 habitantes. Es decir, estas medidas nos afectar\u00edan \u00fanicamente durante la jornada del jueves 29 de abril, ya que el viernes d\u00eda 30 de abril, y a la espera de oficialidad, no se podr\u00e1 entrar ni salir del municipio<\/strong>, y el horario comercial y de la hoster\u00eda ser\u00e1 hasta las 22:30 horas, permiti\u00e9ndose en la hosteler\u00eda tener clientes hasta las 23:00 horas, siempre que se respete el toque de queda.<\/p>\n<p style=\"text-align: center;\"><img loading=\"lazy\" decoding=\"async\" class=\"aligncenter wp-image-37119\" src=\"http:\/\/www.casariche.es\/wp-content\/uploads\/2021\/04\/WhatsApp-Image-2021-04-27-at-21.55.41.jpeg\" alt=\"\" width=\"600\" height=\"338\" srcset=\"http:\/\/www.casariche.es\/wp-content\/uploads\/2021\/04\/WhatsApp-Image-2021-04-27-at-21.55.41.jpeg 1080w, http:\/\/www.casariche.es\/wp-content\/uploads\/2021\/04\/WhatsApp-Image-2021-04-27-at-21.55.41-300x169.jpeg 300w, http:\/\/www.casariche.es\/wp-content\/uploads\/2021\/04\/WhatsApp-Image-2021-04-27-at-21.55.41-1024x576.jpeg 1024w, http:\/\/www.casariche.es\/wp-content\/uploads\/2021\/04\/WhatsApp-Image-2021-04-27-at-21.55.41-768x432.jpeg 768w\" sizes=\"auto, (max-width: 600px) 100vw, 600px\" \/><\/p>\n","protected":false},"excerpt":{"rendered":"<p>Durante la jornada de ayer, el presidente de la Junta de Andaluc\u00eda inform\u00f3 de la entrada en vigor de la flexibilizaci\u00f3n de las medidas frente<\/p>\n","protected":false},"author":1,"featured_media":37120,"comment_status":"closed","ping_status":"closed","sticky":false,"template":"","format":"standard","meta":{"footnotes":""},"categories":[1],"tags":[13,2901,2900,3350,1089],"class_list":["post-37118","post","type-post","status-publish","format-standard","has-post-thumbnail","hentry","category-sin-categoria","tag-casariche","tag-coronavirus","tag-covid19","tag-junta-de-andalucia","tag-medidas"],"_links":{"self":[{"href":"http:\/\/www.casariche.es\/index.php?rest_route=\/wp\/v2\/posts\/37118","targetHints":{"allow":["GET"]}}],"collection":[{"href":"http:\/\/www.casariche.es\/index.php?rest_route=\/wp\/v2\/posts"}],"about":[{"href":"http:\/\/www.casariche.es\/index.php?rest_route=\/wp\/v2\/types\/post"}],"author":[{"embeddable":true,"href":"http:\/\/www.casariche.es\/index.php?rest_route=\/wp\/v2\/users\/1"}],"replies":[{"embeddable":true,"href":"http:\/\/www.casariche.es\/index.php?rest_route=%2Fwp%2Fv2%2Fcomments&post=37118"}],"version-history":[{"count":1,"href":"http:\/\/www.casariche.es\/index.php?rest_route=\/wp\/v2\/posts\/37118\/revisions"}],"predecessor-version":[{"id":37121,"href":"http:\/\/www.casariche.es\/index.php?rest_route=\/wp\/v2\/posts\/37118\/revisions\/37121"}],"wp:featuredmedia":[{"embeddable":true,"href":"http:\/\/www.casariche.es\/index.php?rest_route=\/wp\/v2\/media\/37120"}],"wp:attachment":[{"href":"http:\/\/www.casariche.es\/index.php?rest_route=%2Fwp%2Fv2%2Fmedia&parent=37118"}],"wp:term":[{"taxonomy":"category","embeddable":true,"href":"http:\/\/www.casariche.es\/index.php?rest_route=%2Fwp%2Fv2%2Fcategories&post=37118"},{"taxonomy":"post_tag","embeddable":true,"href":"http:\/\/www.casariche.es\/index.php?rest_route=%2Fwp%2Fv2%2Ftags&post=37118"}],"curies":[{"name":"wp","href":"https:\/\/api.w.org\/{rel}","templated":true}]}}