{"id":36922,"date":"2021-04-20T16:30:13","date_gmt":"2021-04-20T14:30:13","guid":{"rendered":"http:\/\/www.casariche.es\/?p=36922"},"modified":"2021-04-20T13:44:04","modified_gmt":"2021-04-20T11:44:04","slug":"el-i-marathon-de-padel-ciudad-de-ventippo-se-celebrara-del-30-de-abril-al-2-de-mayo","status":"publish","type":"post","link":"http:\/\/www.casariche.es\/?p=36922","title":{"rendered":"El \u2018I Marathon de P\u00e1del Ciudad de Ventippo\u2019 se celebrar\u00e1 del 30 de Abril al 2 de Mayo"},"content":{"rendered":"<p style=\"text-align: justify;\">El <strong>\u00abI Marat\u00f3n de P\u00e1del Ciudad de Ventippo\u00bb,<\/strong> organizado por la Concejal\u00eda de Deportes de nuestro Ayuntamiento y cuya celebraci\u00f3n hubo de aplazarse en Septiembre de 2020 a causa de la pandemia, <strong>se desarrollar\u00e1 los pr\u00f3ximos 30 de Abril y 1 y 2 de Mayo en el Complejo Deportivo \u00abSergio Carnerero Gil\u00bb en horario de ma\u00f1ana y tarde<\/strong>.<\/p>\n<p style=\"text-align: justify;\">Este torneo se disputar\u00e1 en las categor\u00edas de alev\u00edn, infantil y senior y <strong>el plazo de inscripci\u00f3n estar\u00e1 abierto hasta este viernes 23 de Abril<\/strong>, teniendo un coste por pareja de solo 10\u201900\u20ac. <strong>Para realizar las inscripciones, deben dirigirse a Fco Jos\u00e9 Florido (600.580.876) o a Antonio J. Quintana (672.288.639).<\/strong><\/p>\n<p style=\"text-align: justify;\">La organizaci\u00f3n expondr\u00e1 en el tabl\u00f3n de anuncios los calendarios del Torneo, los horarios de los mismos y la pista en la que jugar\u00e1n los participantes. El torneo se desarrollar\u00e1 en funci\u00f3n del n\u00famero de inscripciones (por grupos o por cuadro).<\/p>\n<p style=\"text-align: justify;\">Por el hecho de participar en el Torneo, la organizaci\u00f3n har\u00e1 entrega a todos los participantes de una camiseta conmemorativa, bocadillos, refrescos y agua. Igualmente, habr\u00e1 trofeos para los semifinalistas y finalistas de cada categor\u00eda, y los campeones adem\u00e1s recibir\u00e1n premios en material deportivo.<\/p>\n<p style=\"text-align: justify;\">Es de obligado cumplimiento por parte de los participantes y del p\u00fablico asistente el \u00abProtocolo de prevenci\u00f3n de COVID-19 para la pr\u00e1ctica f\u00edsico-deportiva en las instalaciones deportivas municipales de Casariche\u00bb.<\/p>\n<p style=\"text-align: justify;\">Esta actividad forma parte del programa<strong> \u201cPrimavera Deportiva\u201d<\/strong>.<\/p>\n<p><img loading=\"lazy\" decoding=\"async\" class=\"aligncenter wp-image-36925 size-full\" src=\"http:\/\/www.casariche.es\/wp-content\/uploads\/2021\/04\/I-Marathon-Padel.jpg\" alt=\"\" width=\"842\" height=\"1191\" srcset=\"http:\/\/www.casariche.es\/wp-content\/uploads\/2021\/04\/I-Marathon-Padel.jpg 842w, http:\/\/www.casariche.es\/wp-content\/uploads\/2021\/04\/I-Marathon-Padel-212x300.jpg 212w, http:\/\/www.casariche.es\/wp-content\/uploads\/2021\/04\/I-Marathon-Padel-724x1024.jpg 724w, http:\/\/www.casariche.es\/wp-content\/uploads\/2021\/04\/I-Marathon-Padel-768x1086.jpg 768w\" sizes=\"auto, (max-width: 842px) 100vw, 842px\" \/><\/p>\n<p><img loading=\"lazy\" decoding=\"async\" class=\"aligncenter size-full wp-image-36788\" src=\"http:\/\/www.casariche.es\/wp-content\/uploads\/2021\/04\/Cartel-primavera-deportiva-2021.jpg\" alt=\"\" width=\"1191\" height=\"842\" srcset=\"http:\/\/www.casariche.es\/wp-content\/uploads\/2021\/04\/Cartel-primavera-deportiva-2021.jpg 1191w, http:\/\/www.casariche.es\/wp-content\/uploads\/2021\/04\/Cartel-primavera-deportiva-2021-300x212.jpg 300w, http:\/\/www.casariche.es\/wp-content\/uploads\/2021\/04\/Cartel-primavera-deportiva-2021-1024x724.jpg 1024w, http:\/\/www.casariche.es\/wp-content\/uploads\/2021\/04\/Cartel-primavera-deportiva-2021-768x543.jpg 768w\" sizes=\"auto, (max-width: 1191px) 100vw, 1191px\" \/><\/p>\n<p style=\"text-align: justify;\">\n","protected":false},"excerpt":{"rendered":"<p>El \u00abI Marat\u00f3n de P\u00e1del Ciudad de Ventippo\u00bb, organizado por la Concejal\u00eda de Deportes de nuestro Ayuntamiento y cuya celebraci\u00f3n hubo de aplazarse en Septiembre<\/p>\n","protected":false},"author":2,"featured_media":36926,"comment_status":"closed","ping_status":"closed","sticky":false,"template":"","format":"standard","meta":{"footnotes":""},"categories":[8,1],"tags":[2338,3289,995,578,60],"class_list":["post-36922","post","type-post","status-publish","format-standard","has-post-thumbnail","hentry","category-deportes","category-sin-categoria","tag-ciudad","tag-marathon","tag-padel","tag-primavera","tag-ventippo"],"_links":{"self":[{"href":"http:\/\/www.casariche.es\/index.php?rest_route=\/wp\/v2\/posts\/36922","targetHints":{"allow":["GET"]}}],"collection":[{"href":"http:\/\/www.casariche.es\/index.php?rest_route=\/wp\/v2\/posts"}],"about":[{"href":"http:\/\/www.casariche.es\/index.php?rest_route=\/wp\/v2\/types\/post"}],"author":[{"embeddable":true,"href":"http:\/\/www.casariche.es\/index.php?rest_route=\/wp\/v2\/users\/2"}],"replies":[{"embeddable":true,"href":"http:\/\/www.casariche.es\/index.php?rest_route=%2Fwp%2Fv2%2Fcomments&post=36922"}],"version-history":[{"count":4,"href":"http:\/\/www.casariche.es\/index.php?rest_route=\/wp\/v2\/posts\/36922\/revisions"}],"predecessor-version":[{"id":36937,"href":"http:\/\/www.casariche.es\/index.php?rest_route=\/wp\/v2\/posts\/36922\/revisions\/36937"}],"wp:featuredmedia":[{"embeddable":true,"href":"http:\/\/www.casariche.es\/index.php?rest_route=\/wp\/v2\/media\/36926"}],"wp:attachment":[{"href":"http:\/\/www.casariche.es\/index.php?rest_route=%2Fwp%2Fv2%2Fmedia&parent=36922"}],"wp:term":[{"taxonomy":"category","embeddable":true,"href":"http:\/\/www.casariche.es\/index.php?rest_route=%2Fwp%2Fv2%2Fcategories&post=36922"},{"taxonomy":"post_tag","embeddable":true,"href":"http:\/\/www.casariche.es\/index.php?rest_route=%2Fwp%2Fv2%2Ftags&post=36922"}],"curies":[{"name":"wp","href":"https:\/\/api.w.org\/{rel}","templated":true}]}}