{"id":36372,"date":"2021-03-17T14:08:50","date_gmt":"2021-03-17T13:08:50","guid":{"rendered":"http:\/\/www.casariche.es\/?p=36372"},"modified":"2021-03-17T14:08:50","modified_gmt":"2021-03-17T13:08:50","slug":"casariche-registra-un-nuevo-positivo-por-covid19-subiendo-ligeramente-la-tasa-de-contagio","status":"publish","type":"post","link":"http:\/\/www.casariche.es\/?p=36372","title":{"rendered":"Casariche registra un nuevo positivo por COVID19, subiendo ligeramente la tasa de contagio"},"content":{"rendered":"<p>Despu\u00e9s de varios d\u00edas sin registrarse nuevos contagios por COVID19 en Casariche, <strong>nuestro pueblo suma un nuevo positivo en las \u00faltimas 24 horas<\/strong> seg\u00fan los datos oficiales publicados por el Instituto de Estad\u00edstica y Cartograf\u00eda de Andaluc\u00eda y por la Consejer\u00eda de Salud y Familias.<\/p>\n<p><strong>Este nuevo contagio provoca la subida de la incidencia acumulada o tasa de contagio hasta los 36&#8217;84 casos por cada 100.000 habitantes<\/strong>. Igualmente, los \u00abcasos activos positivos\u00bb de los \u00faltimos 7 y 14 d\u00edas suben hasta 1 y 2 casos respectivamente.<\/p>\n<p>Est\u00e1 en nuestras manos controlar la situaci\u00f3n y evitar que la situaci\u00f3n se complique, por ello insistimos en que debemos continuar siendo responsables y esforz\u00e1ndonos al m\u00e1ximo. \u00a1Juntos saldremos adelante!<\/p>\n<p>Mucho \u00e1nimo y fuerza, Casariche.<\/p>\n<p style=\"text-align: center;\"><a href=\"http:\/\/www.casariche.es\/wp-content\/uploads\/2021\/03\/covid19-6.png\"><img loading=\"lazy\" decoding=\"async\" class=\"aligncenter  wp-image-36374\" src=\"http:\/\/www.casariche.es\/wp-content\/uploads\/2021\/03\/covid19-6.png\" alt=\"\" width=\"600\" height=\"314\" srcset=\"http:\/\/www.casariche.es\/wp-content\/uploads\/2021\/03\/covid19-6.png 963w, http:\/\/www.casariche.es\/wp-content\/uploads\/2021\/03\/covid19-6-300x157.png 300w, http:\/\/www.casariche.es\/wp-content\/uploads\/2021\/03\/covid19-6-768x402.png 768w\" sizes=\"auto, (max-width: 600px) 100vw, 600px\" \/><\/a><\/p>\n","protected":false},"excerpt":{"rendered":"<p>Despu\u00e9s de varios d\u00edas sin registrarse nuevos contagios por COVID19 en Casariche, nuestro pueblo suma un nuevo positivo en las \u00faltimas 24 horas seg\u00fan los<\/p>\n","protected":false},"author":1,"featured_media":36374,"comment_status":"closed","ping_status":"closed","sticky":false,"template":"","format":"standard","meta":{"footnotes":""},"categories":[1],"tags":[13,3247,2901,2900],"class_list":["post-36372","post","type-post","status-publish","format-standard","has-post-thumbnail","hentry","category-sin-categoria","tag-casariche","tag-casos-positivos","tag-coronavirus","tag-covid19"],"_links":{"self":[{"href":"http:\/\/www.casariche.es\/index.php?rest_route=\/wp\/v2\/posts\/36372","targetHints":{"allow":["GET"]}}],"collection":[{"href":"http:\/\/www.casariche.es\/index.php?rest_route=\/wp\/v2\/posts"}],"about":[{"href":"http:\/\/www.casariche.es\/index.php?rest_route=\/wp\/v2\/types\/post"}],"author":[{"embeddable":true,"href":"http:\/\/www.casariche.es\/index.php?rest_route=\/wp\/v2\/users\/1"}],"replies":[{"embeddable":true,"href":"http:\/\/www.casariche.es\/index.php?rest_route=%2Fwp%2Fv2%2Fcomments&post=36372"}],"version-history":[{"count":2,"href":"http:\/\/www.casariche.es\/index.php?rest_route=\/wp\/v2\/posts\/36372\/revisions"}],"predecessor-version":[{"id":36375,"href":"http:\/\/www.casariche.es\/index.php?rest_route=\/wp\/v2\/posts\/36372\/revisions\/36375"}],"wp:featuredmedia":[{"embeddable":true,"href":"http:\/\/www.casariche.es\/index.php?rest_route=\/wp\/v2\/media\/36374"}],"wp:attachment":[{"href":"http:\/\/www.casariche.es\/index.php?rest_route=%2Fwp%2Fv2%2Fmedia&parent=36372"}],"wp:term":[{"taxonomy":"category","embeddable":true,"href":"http:\/\/www.casariche.es\/index.php?rest_route=%2Fwp%2Fv2%2Fcategories&post=36372"},{"taxonomy":"post_tag","embeddable":true,"href":"http:\/\/www.casariche.es\/index.php?rest_route=%2Fwp%2Fv2%2Ftags&post=36372"}],"curies":[{"name":"wp","href":"https:\/\/api.w.org\/{rel}","templated":true}]}}