{"id":36258,"date":"2021-03-11T20:03:33","date_gmt":"2021-03-11T19:03:33","guid":{"rendered":"http:\/\/www.casariche.es\/?p=36258"},"modified":"2021-03-11T20:10:53","modified_gmt":"2021-03-11T19:10:53","slug":"setpimo-dia-consecutivo-sin-contagios-por-covid19-en-casariche","status":"publish","type":"post","link":"http:\/\/www.casariche.es\/?p=36258","title":{"rendered":"S\u00e9ptimo d\u00eda consecutivo sin contagios por COVID19 en Casariche"},"content":{"rendered":"<p><strong>Nuestro pueblo encadena 7 jornadas consecutivas sin registrar casos positivos por COVID19<\/strong>, seg\u00fan las cifras oficiales publicadas por el Instituto de Estad\u00edstica y Cartograf\u00eda y por la Consejer\u00eda de Salud y Familias.<\/p>\n<p><strong>La tasa de contagio o incidencia acumulada se mantiene en los 18&#8217;4 casos por cada 100.000 habitantes<\/strong>. Los \u00abcasos activos positivos\u00bb de los \u00faltimos 14 d\u00edas se mantienen en 1 caso, mientras que en los \u00faltimos 7 d\u00edas baja hasta los 0 casos.<\/p>\n<p><strong>Estas cifras son el resultado del enorme esfuerzo y responsabilidad que est\u00e1n demostrando las vecinas y vecinos de Casariche<\/strong>, pero no podemos olvidar que a\u00fan queda mucho por recorrer y en ning\u00fan momento debemos bajar la guardia. Continuemos siendo responsables, \u00a1juntos saldremos adelante!<\/p>\n<p>Mucho \u00e1nimo y fuerza, Casariche.<\/p>\n<p><a href=\"http:\/\/www.casariche.es\/wp-content\/uploads\/2021\/03\/covid19-1.jpg\"><img loading=\"lazy\" decoding=\"async\" class=\"aligncenter wp-image-36259\" src=\"http:\/\/www.casariche.es\/wp-content\/uploads\/2021\/03\/covid19-1.jpg\" alt=\"\" width=\"597\" height=\"314\" srcset=\"http:\/\/www.casariche.es\/wp-content\/uploads\/2021\/03\/covid19-1.jpg 951w, http:\/\/www.casariche.es\/wp-content\/uploads\/2021\/03\/covid19-1-300x158.jpg 300w, http:\/\/www.casariche.es\/wp-content\/uploads\/2021\/03\/covid19-1-768x404.jpg 768w\" sizes=\"auto, (max-width: 597px) 100vw, 597px\" \/><\/a><\/p>\n","protected":false},"excerpt":{"rendered":"<p>Nuestro pueblo encadena 7 jornadas consecutivas sin registrar casos positivos por COVID19, seg\u00fan las cifras oficiales publicadas por el Instituto de Estad\u00edstica y Cartograf\u00eda y<\/p>\n","protected":false},"author":1,"featured_media":36259,"comment_status":"closed","ping_status":"closed","sticky":false,"template":"","format":"standard","meta":{"footnotes":""},"categories":[1],"tags":[45,13,2901,2900],"class_list":["post-36258","post","type-post","status-publish","format-standard","has-post-thumbnail","hentry","category-sin-categoria","tag-ayuntamiento","tag-casariche","tag-coronavirus","tag-covid19"],"_links":{"self":[{"href":"http:\/\/www.casariche.es\/index.php?rest_route=\/wp\/v2\/posts\/36258","targetHints":{"allow":["GET"]}}],"collection":[{"href":"http:\/\/www.casariche.es\/index.php?rest_route=\/wp\/v2\/posts"}],"about":[{"href":"http:\/\/www.casariche.es\/index.php?rest_route=\/wp\/v2\/types\/post"}],"author":[{"embeddable":true,"href":"http:\/\/www.casariche.es\/index.php?rest_route=\/wp\/v2\/users\/1"}],"replies":[{"embeddable":true,"href":"http:\/\/www.casariche.es\/index.php?rest_route=%2Fwp%2Fv2%2Fcomments&post=36258"}],"version-history":[{"count":2,"href":"http:\/\/www.casariche.es\/index.php?rest_route=\/wp\/v2\/posts\/36258\/revisions"}],"predecessor-version":[{"id":36261,"href":"http:\/\/www.casariche.es\/index.php?rest_route=\/wp\/v2\/posts\/36258\/revisions\/36261"}],"wp:featuredmedia":[{"embeddable":true,"href":"http:\/\/www.casariche.es\/index.php?rest_route=\/wp\/v2\/media\/36259"}],"wp:attachment":[{"href":"http:\/\/www.casariche.es\/index.php?rest_route=%2Fwp%2Fv2%2Fmedia&parent=36258"}],"wp:term":[{"taxonomy":"category","embeddable":true,"href":"http:\/\/www.casariche.es\/index.php?rest_route=%2Fwp%2Fv2%2Fcategories&post=36258"},{"taxonomy":"post_tag","embeddable":true,"href":"http:\/\/www.casariche.es\/index.php?rest_route=%2Fwp%2Fv2%2Ftags&post=36258"}],"curies":[{"name":"wp","href":"https:\/\/api.w.org\/{rel}","templated":true}]}}