{"id":36203,"date":"2021-03-09T13:26:42","date_gmt":"2021-03-09T12:26:42","guid":{"rendered":"http:\/\/www.casariche.es\/?p=36203"},"modified":"2021-03-09T13:26:59","modified_gmt":"2021-03-09T12:26:59","slug":"continuamos-sin-nuevos-contagios-por-covid19-en-casariche-manteniendose-el-tasa-de-contagio-en-184-casos-por-cada-100-000-habitantes","status":"publish","type":"post","link":"http:\/\/www.casariche.es\/?p=36203","title":{"rendered":"Continuamos sin nuevos contagios por COVID19 en Casariche, manteni\u00e9ndose la tasa de contagio en 18&#8217;4 casos por cada 100.000 habitantes"},"content":{"rendered":"<p>La situaci\u00f3n epidemiol\u00f3gica de Casariche permanece establece seg\u00fan los \u00faltimos datos oficiales de pandemia publicados por el Instituto de Estad\u00edstica y Cartograf\u00eda de Andaluc\u00eda y por la Consejer\u00eda de Salud y Familias, en los que <strong>otro d\u00eda m\u00e1s no se han producido nuevos contagios por COVID19<\/strong>.<\/p>\n<p>Los \u00abcasos activos positivos\u00bb de los \u00faltimos 7 y 14 d\u00edas se mantienen en 1 caso, al igual que <strong>la incidencia acumulada o tasa de contagio que contin\u00faa en los 18&#8217;4 casos por cada 100.000 habitantes<\/strong>.<\/p>\n<p>Estas cifras reflejan el esfuerzo y responsabilidad de todas y cada una de las vecinas y vecinos de nuestro pueblo. <strong>Este el camino a seguir, sin relajaciones y respetando siempre las normas y medidas establecidas<\/strong>. \u00a1Juntos saldremos adelante!<\/p>\n<p>Mucha fuerza y \u00e1nimo, Casariche.<\/p>\n<p style=\"text-align: center;\"><a href=\"http:\/\/www.casariche.es\/wp-content\/uploads\/2021\/03\/covid19-2.png\"><img loading=\"lazy\" decoding=\"async\" class=\"aligncenter wp-image-36211\" src=\"http:\/\/www.casariche.es\/wp-content\/uploads\/2021\/03\/covid19-2.png\" alt=\"\" width=\"598\" height=\"313\" srcset=\"http:\/\/www.casariche.es\/wp-content\/uploads\/2021\/03\/covid19-2.png 963w, http:\/\/www.casariche.es\/wp-content\/uploads\/2021\/03\/covid19-2-300x157.png 300w, http:\/\/www.casariche.es\/wp-content\/uploads\/2021\/03\/covid19-2-768x402.png 768w\" sizes=\"auto, (max-width: 598px) 100vw, 598px\" \/><\/a><\/p>\n","protected":false},"excerpt":{"rendered":"<p>La situaci\u00f3n epidemiol\u00f3gica de Casariche permanece establece seg\u00fan los \u00faltimos datos oficiales de pandemia publicados por el Instituto de Estad\u00edstica y Cartograf\u00eda de Andaluc\u00eda y<\/p>\n","protected":false},"author":1,"featured_media":36211,"comment_status":"closed","ping_status":"closed","sticky":false,"template":"","format":"standard","meta":{"footnotes":""},"categories":[1],"tags":[45,13,3247,2901,2900],"class_list":["post-36203","post","type-post","status-publish","format-standard","has-post-thumbnail","hentry","category-sin-categoria","tag-ayuntamiento","tag-casariche","tag-casos-positivos","tag-coronavirus","tag-covid19"],"_links":{"self":[{"href":"http:\/\/www.casariche.es\/index.php?rest_route=\/wp\/v2\/posts\/36203","targetHints":{"allow":["GET"]}}],"collection":[{"href":"http:\/\/www.casariche.es\/index.php?rest_route=\/wp\/v2\/posts"}],"about":[{"href":"http:\/\/www.casariche.es\/index.php?rest_route=\/wp\/v2\/types\/post"}],"author":[{"embeddable":true,"href":"http:\/\/www.casariche.es\/index.php?rest_route=\/wp\/v2\/users\/1"}],"replies":[{"embeddable":true,"href":"http:\/\/www.casariche.es\/index.php?rest_route=%2Fwp%2Fv2%2Fcomments&post=36203"}],"version-history":[{"count":2,"href":"http:\/\/www.casariche.es\/index.php?rest_route=\/wp\/v2\/posts\/36203\/revisions"}],"predecessor-version":[{"id":36213,"href":"http:\/\/www.casariche.es\/index.php?rest_route=\/wp\/v2\/posts\/36203\/revisions\/36213"}],"wp:featuredmedia":[{"embeddable":true,"href":"http:\/\/www.casariche.es\/index.php?rest_route=\/wp\/v2\/media\/36211"}],"wp:attachment":[{"href":"http:\/\/www.casariche.es\/index.php?rest_route=%2Fwp%2Fv2%2Fmedia&parent=36203"}],"wp:term":[{"taxonomy":"category","embeddable":true,"href":"http:\/\/www.casariche.es\/index.php?rest_route=%2Fwp%2Fv2%2Fcategories&post=36203"},{"taxonomy":"post_tag","embeddable":true,"href":"http:\/\/www.casariche.es\/index.php?rest_route=%2Fwp%2Fv2%2Ftags&post=36203"}],"curies":[{"name":"wp","href":"https:\/\/api.w.org\/{rel}","templated":true}]}}