{"id":31441,"date":"2020-04-27T11:51:51","date_gmt":"2020-04-27T09:51:51","guid":{"rendered":"http:\/\/www.casariche.es\/?p=31441"},"modified":"2020-04-27T11:51:51","modified_gmt":"2020-04-27T09:51:51","slug":"la-conmemoracion-del-dia-del-libro-nos-dejo-muchos-momentos-para-recordar","status":"publish","type":"post","link":"http:\/\/www.casariche.es\/?p=31441","title":{"rendered":"La conmemoraci\u00f3n del D\u00eda del Libro nos dej\u00f3 muchos momentos para recordar"},"content":{"rendered":"<p style=\"text-align: justify;\">Como sab\u00e9is, la semana pasada se han llevado a cabo muchas actividades de sensibilizaci\u00f3n y fomento a la lectura, orientadas a conmemorar el <strong>D\u00eda Internacional del Libro 2020<\/strong>, que han sido organizadas por la\u00a0Delegaci\u00f3n de Cultura del Ayuntamiento de Casariche, en colaboraci\u00f3n con el Centro Guadalinfo y la Biblioteca Municipal.<\/p>\n<p style=\"text-align: justify;\"><strong>Estas actividades, llevadas a cabo entre el 20 y el 24 de Abril y que se han ido difundiendo a trav\u00e9s de facebook\u00a0 (Culturando Casariche, Guadalinfo Casariche, Biblioteca Marcos Ana y Ayuntamiento de Casariche), nos han dejado muchos momentos para recordar<\/strong>, de los que nos hacemos eco a continuaci\u00f3n:<\/p>\n<ul style=\"text-align: justify;\">\n<li><strong>Cuentos de Hogar en Hogar<\/strong>:\u00a0 Del 20 al 24 de Abril, hemos podido escuchar tres cuentos muy especiales: Lunes 20\/04\/2020 a las 17:00 h. \u00abGarbancito\u00bb, por \u00c1ngel Estepa Linares. Mi\u00e9rcoles 22\/04\/2020, a las 17:00 h: \u00abEl Conejo Blanco\u00bb, por Aura Estepa Linares. Viernes 24\/04\/2020, a las 17:00 h:\u00a0 \u00abPor cuatro esquinitas de nada\u00bb, por Marina Sojo Parrado.<\/li>\n<\/ul>\n<ul style=\"text-align: justify;\">\n<li><strong>Hora del Cuento:<\/strong> Del 20 al 24 de Abril, a las 20:00 h, hemos disfrutado de distintas narraciones orales, siendo la del D\u00eda del Libro, una muy especial: \u00abRosa Caramelo\u00bb, narrado por miembros del Taller de Empleo \u00abCasariche Dinamiza\u00bb.<\/li>\n<li><strong>Audiorrelatos:<\/strong> Del 21 al 24 de Abril, a las 22:00 h, hemos tenido la oportunidad de escuchar cuatro audiorrelatos: Martes 21(04\/2020: \u00abEl ni\u00f1o que gritaba: \u00a1Ah\u00ed viene el lobo!\u00bb, narrado por Sandra Garc\u00eda Su\u00e1rez. Mi\u00e9rcoles 22\/04\/2020: \u00abEl Eclipse\u00bb, narrado por Inma Su\u00e1rez Legarreta. Jueves: 23\/04\/2020: La habitaci\u00f3n maldita\u00bb, narrada por Abraham Parr\u00f3n. Viernes 24\/04\/2020: \u00abEpisodio del enemigo\u00bb, narrado por M\u00aa Carmen Bastos Carnerero.<\/li>\n<li><strong>Concurso: \u00abReflexiones con los libros\u00bb<\/strong>: El 23 de Abril, se emitieron las tres brillantes reflexiones recibidas en este concurso, que han sido realizadas por Cristina Moriana Romero, Mar\u00eda Garc\u00eda Su\u00e1rez y Mar\u00eda Jos\u00e9 Mar\u00edn Carmona, respectivamente.<\/li>\n<\/ul>\n<p style=\"text-align: justify;\">Os dejamos todos los enlaces a estos bonitos trabajos, agradeciendo la participaci\u00f3n de todos y todas por vuestra contribuci\u00f3n a promocionar los libros, la lectura y todos los beneficios que \u00e9stos nos aportan.<\/p>\n<p style=\"text-align: justify;\">(NOTA: El D\u00eda del Libro 2020 ha contemplado tambi\u00e9n un concurso de poes\u00eda,\u00bbSoy Poeta\u00bb, cuyo plazo de entrega de trabajos a concurso concluy\u00f3 el 23 de Abril)<\/p>\n<div id=\"fb-root\"><\/div>\n<p><script async=\"1\" defer=\"1\" crossorigin=\"anonymous\" src=\"https:\/\/connect.facebook.net\/es_ES\/sdk.js#xfbml=1&amp;version=v7.0\" nonce=\"2LevHNqh\"><\/script><\/p>\n<div class=\"fb-video\" data-href=\"https:\/\/www.facebook.com\/biblioteca.marcosana\/videos\/2590172477970105\/\" data-width=\"750\">\n<blockquote cite=\"https:\/\/www.facebook.com\/biblioteca.marcosana\/videos\/2590172477970105\/\" class=\"fb-xfbml-parse-ignore\"><p><a href=\"https:\/\/www.facebook.com\/biblioteca.marcosana\/videos\/2590172477970105\/\"><\/a><\/p>\n<p>CUENTOS DE HOGAR EN HOGAR\u00a1Buenas tardes!Seguimos llenando los hogares de COLOR Y ALEGR\u00cdA, pero con el narrador de hoy se llena, adem\u00e1s, de TERNURA Y DULZURA.Empezamos la semana en la que se homenajean a los libros y lo hacemos de manera especial, con un peque\u00f1o colaborador de tan solo tres a\u00f1os que se llama \u00c1ngel Estepa Linares.Este ni\u00f1o nos regala el cuento de \u201cGarbancito\u201d, de Olalla Gonz\u00e1lez y Marc Taeger. Ed.Kalandraka. \u00bfOs acord\u00e1is de aquella familia que ten\u00eda un hijo tan peque\u00f1o, tan peque\u00f1o como un garbanzo?Un cl\u00e1sico que todos conocemos, de gran contenido did\u00e1ctico al trabajar la bondad, la generosidad, el altruismo y la autenticidad y que supone un nexo entre la cultura de losmayores y el mundo actual.Una joya de cuento que en la voz de \u00c1ngel duplica su valor. Es admirar la capacidad memor\u00edstica, el esfuerzo que realiza para llegar hasta el final del cuento y lo bien que lo narra. Mejor imposible.Os dejamos con Garbancito y con el arte que tiene su narrador.\u00a1Disfruten mucho!#CuentosdeHogarenHogar #GuadalinfoCasariche #CasaricheseQuedaenCasa<\/p>\n<p>Publicada por <a href=\"https:\/\/www.facebook.com\/biblioteca.marcosana\">Biblioteca Marcos Ana<\/a> en Lunes, 20 de abril de 2020<\/p><\/blockquote>\n<\/div>\n<div id=\"fb-root\"><\/div>\n<p><script async=\"1\" defer=\"1\" crossorigin=\"anonymous\" src=\"https:\/\/connect.facebook.net\/es_ES\/sdk.js#xfbml=1&amp;version=v7.0\" nonce=\"kQb4gA5b\"><\/script><\/p>\n<div class=\"fb-video\" data-href=\"https:\/\/www.facebook.com\/biblioteca.marcosana\/videos\/2591806694473350\/\" data-width=\"750\">\n<blockquote cite=\"https:\/\/www.facebook.com\/biblioteca.marcosana\/videos\/2591806694473350\/\" class=\"fb-xfbml-parse-ignore\"><p><a href=\"https:\/\/www.facebook.com\/biblioteca.marcosana\/videos\/2591806694473350\/\"><\/a><\/p>\n<p>CUENTOS DE HOGAR EN HOGAR\u00a1Buenas tardes a todos y a todas!Nos adentramos en la semana en la que el homenaje a los libros se hace un tanto especial cuando contamos con colaboradores tan peque\u00f1os.A\u00fan est\u00e1 muy presente la brillante narraci\u00f3n de \u00c1ngel la cual nos enamor\u00f3 y ahora llega su hermana para sorpresa de todos nosotros.Aura, tambi\u00e9n de tres a\u00f1itos, os va a atrapar igualmente con su derroche de arte y simpat\u00eda. Ella nos da una lecci\u00f3n de esfuerzo al memorizar el cuento que lleva por t\u00edtulo \u201cEl peque\u00f1o conejo blanco\u201d, de tradici\u00f3n popular y que ha sido adaptado por Xos\u00e9 Ballesteros e ilustrado por \u00d3scar Vill\u00e1n. Editorial Kalandraka.Un cuento que  nos sumerge en una tierna historia de un conejo que sali\u00f3 de casa y que cuando regres\u00f3 se la encontr\u00f3 cerrada, \u00a1Dentro hab\u00eda alguien!\u00bfC\u00f3mo se las ingeniar\u00e1 el conejito para reconquistar su hogar?Con nuestra fant\u00e1stica narradora lo vais a descubrir como tambi\u00e9n su mensaje impl\u00edcito; el valor de ayudar a otro ser.Os dejamos con estas tiernas palabritas llenas de sonoridad y con la excelente capacidad narradora de Aura.\u00a1ENHORABUENA  AURA!#CasaricheseQuedaenCasa #CuentosdeHogarenHogar<\/p>\n<p>Publicada por <a href=\"https:\/\/www.facebook.com\/biblioteca.marcosana\">Biblioteca Marcos Ana<\/a> en Mi\u00e9rcoles, 22 de abril de 2020<\/p><\/blockquote>\n<\/div>\n<div id=\"fb-root\"><\/div>\n<p><script async=\"1\" defer=\"1\" crossorigin=\"anonymous\" src=\"https:\/\/connect.facebook.net\/es_ES\/sdk.js#xfbml=1&amp;version=v7.0\" nonce=\"hn4bvTfK\"><\/script><\/p>\n<div class=\"fb-video\" data-href=\"https:\/\/www.facebook.com\/biblioteca.marcosana\/videos\/2593553157632037\/\" data-width=\"750\">\n<blockquote cite=\"https:\/\/www.facebook.com\/biblioteca.marcosana\/videos\/2593553157632037\/\" class=\"fb-xfbml-parse-ignore\"><p><a href=\"https:\/\/www.facebook.com\/biblioteca.marcosana\/videos\/2593553157632037\/\"><\/a><\/p>\n<p>CUENTOS DE HOGAR EN HOGAR\u00a1Buenas tardes a todos y a todas!En nuestra sesi\u00f3n de \u201cCuentos de Hogar en Hogar\u201d que tenemos preparada para la tarde de hoy viernes una vez es m\u00e1s que atractiva, gracias a la cantidad de voces y elementos llamativos que aparecen en escena.Marina Sojo Parrado junto a uno excelentes ayudantes narran yescenifican mediante t\u00edteres \u201cPor cuatro esquinitas de nada\u201d deJer\u00f4me Rullier. Un cuento muy din\u00e1mico lleno de preguntas que buscan soluci\u00f3n a un problema y que ayuda a los ni\u00f1os en su proceso de desarrollo mental.Un cuento muy did\u00e1ctico, apto para edades tempranas y con el que los ni\u00f1os y ni\u00f1as aprender\u00e1n que\u2026 \u201caunque seamos diferentes, todos somos iguales\u201d.Deseamos que os guste.Se abre el tel\u00f3n, \u00a1comienza la funci\u00f3n!#CasaricheseQuedaenCasa #CuentosdeHogarenHogar<\/p>\n<p>Publicada por <a href=\"https:\/\/www.facebook.com\/biblioteca.marcosana\">Biblioteca Marcos Ana<\/a> en Viernes, 24 de abril de 2020<\/p><\/blockquote>\n<\/div>\n<div id=\"fb-root\"><\/div>\n<p><script async=\"1\" defer=\"1\" crossorigin=\"anonymous\" src=\"https:\/\/connect.facebook.net\/es_ES\/sdk.js#xfbml=1&amp;version=v7.0\" nonce=\"4Ns1B96e\"><\/script><\/p>\n<div class=\"fb-video\" data-href=\"https:\/\/www.facebook.com\/106458497675931\/videos\/767371577124699\/\" data-width=\"750\">\n<blockquote cite=\"https:\/\/www.facebook.com\/106458497675931\/videos\/767371577124699\/\" class=\"fb-xfbml-parse-ignore\"><p><a href=\"https:\/\/www.facebook.com\/106458497675931\/videos\/767371577124699\/\">ROSA CARAMELO<\/a><\/p>\n<p>Lleg\u00f3 la &quot;hora del cuento&quot;, cuento de un d\u00eda muy especial, hoy D\u00eda Internacional del Libro, os traemos una narraci\u00f3n hecha con mucho cari\u00f1o por integrantes del \u00falitmo Taller de Empleo, &quot;Casariche Dinamiza&quot;, junto al \u00c1rea de Cultura de nuestro Ayuntamiento, es decir, por nosotros mismos, en colaboraci\u00f3n, por supuesto, del Centro Guadalinfo.Para este d\u00eda, nos hemos decidido por el cuento de Adela Tur\u00edn titulado &quot;Rosa Caramelo&quot;, y con \u00e9l queremos hacerle un peque\u00f1o homenaje a tod&#064;s es&#064;s maravillos&#064;s ni\u00f1&#064;s, que en estos d\u00edas &quot;raros&quot;, siguen con todas sus obligaciones y con toda la ilusi\u00f3n que ten\u00edan antes del confinamiento, como un&#064;s verdader&#064;s campeones\/as; donde al igual que Margarita, siendo cada un&#064; de ell&#064;s, ell&#064;s mism&#064;s.Esperamos que lo disfruteis junto a vuestras familias. Y os deseamos unas muy felices y divertidas lecturas.#YoMeQuedoEnCasa #CasaricheSeQuedaEnCasa #DiadelLibroCulturando Casariche Guadalinfo Casariche Ayuntamiento de Casariche<\/p>\n<p>Publicada por <a href=\"https:\/\/www.facebook.com\/Culturando-Casariche-106458497675931\/\">Culturando Casariche<\/a> en Martes, 21 de abril de 2020<\/p><\/blockquote>\n<\/div>\n<div id=\"fb-root\"><\/div>\n<p><script async=\"1\" defer=\"1\" crossorigin=\"anonymous\" src=\"https:\/\/connect.facebook.net\/es_ES\/sdk.js#xfbml=1&amp;version=v7.0\" nonce=\"G1E5VHTy\"><\/script><\/p>\n<div class=\"fb-video\" data-href=\"https:\/\/www.facebook.com\/106458497675931\/videos\/1343691715830698\/\" data-width=\"750\">\n<blockquote cite=\"https:\/\/www.facebook.com\/106458497675931\/videos\/1343691715830698\/\" class=\"fb-xfbml-parse-ignore\"><p><a href=\"https:\/\/www.facebook.com\/106458497675931\/videos\/1343691715830698\/\">AUDIORRELATO SANDRA<\/a><\/p>\n<p>Como ya os hab\u00edamos adelantado, esta semana tendremos una programaci\u00f3n muy especial, as\u00ed, no s\u00f3lo habr\u00e1 narraciones para los peque\u00f1os, sino que tambi\u00e9n para los adultos tenemos un peque\u00f1o espacio.Nuestra propuesta de Audiorrelatos comienza hoy, y nos acompa\u00f1ar\u00e1 cada noche, hasta el viernes 24 de abril, con varios ejemplos de literatura breve de autores muy conocidos.Sandra Garc\u00eda Su\u00e1rez ser\u00e1 la encargada de poner voz a nuestro primer relato. Disfrutadlo.#YoMeQuedoEnCasa #CasaricheSeQuedaEnCasa #DiadelLibroCulturando Casariche Guadalinfo Casariche Ayuntamiento de Casariche<\/p>\n<p>Publicada por <a href=\"https:\/\/www.facebook.com\/Culturando-Casariche-106458497675931\/\">Culturando Casariche<\/a> en Martes, 21 de abril de 2020<\/p><\/blockquote>\n<\/div>\n<div id=\"fb-root\"><\/div>\n<p><script async=\"1\" defer=\"1\" crossorigin=\"anonymous\" src=\"https:\/\/connect.facebook.net\/es_ES\/sdk.js#xfbml=1&amp;version=v7.0\" nonce=\"6hGINqBW\"><\/script><\/p>\n<div class=\"fb-video\" data-href=\"https:\/\/www.facebook.com\/106458497675931\/videos\/232794641115745\/\" data-width=\"750\">\n<blockquote cite=\"https:\/\/www.facebook.com\/106458497675931\/videos\/232794641115745\/\" class=\"fb-xfbml-parse-ignore\"><p><a href=\"https:\/\/www.facebook.com\/106458497675931\/videos\/232794641115745\/\">AUDIORRELATO INMA<\/a><\/p>\n<p>Si anoche disfrut\u00e1steis con la narraci\u00f3n de Sandra, hoy, seguro que os transportar\u00e9is a la m\u00e1s profunda selva guatemalteca, al o\u00edrlo, lo que ser\u00e1 todo un placer para los sentidos.Inma Su\u00e1rez es la encargada de ponerle voz a &quot;El Eclipse&quot; de Augusto Monterroso.Un nuevo audiorrelato con el que queremos seguir celebrando el D\u00eda Internacional del Libro, tanto el \u00c1rea de Cultura de nuestro Ayuntamiento, como el Centro Guadalinfo.Como sugerencia y\/o recomendaci\u00f3n, mejor escucharlo utilizando auriculares.Buenas noches y maravillosas lecturas&#8230;#YoMeQuedoEnCasa #CasaricheSeQuedaEnCasa #DiadelLibroCulturando Casariche Guadalinfo Casariche Ayuntamiento de Casariche<\/p>\n<p>Publicada por <a href=\"https:\/\/www.facebook.com\/Culturando-Casariche-106458497675931\/\">Culturando Casariche<\/a> en Mi\u00e9rcoles, 22 de abril de 2020<\/p><\/blockquote>\n<\/div>\n<div id=\"fb-root\"><\/div>\n<p><script async=\"1\" defer=\"1\" crossorigin=\"anonymous\" src=\"https:\/\/connect.facebook.net\/es_ES\/sdk.js#xfbml=1&amp;version=v7.0\" nonce=\"DS83OSd4\"><\/script><\/p>\n<div class=\"fb-video\" data-href=\"https:\/\/www.facebook.com\/106458497675931\/videos\/274995933516654\/\" data-width=\"750\">\n<blockquote cite=\"https:\/\/www.facebook.com\/106458497675931\/videos\/274995933516654\/\" class=\"fb-xfbml-parse-ignore\"><p><a href=\"https:\/\/www.facebook.com\/106458497675931\/videos\/274995933516654\/\">AUDIORRELATO 3. ABRAHAM<\/a><\/p>\n<p>D\u00eda Internacional del Libro, 23 de abril, y nosotros seguimos celebr\u00e1ndolo.Tercera entrega de Audiorrelatos para adultos, una m\u00e1s de las numerosas propuestas que estamos llevando a cabo para celebrar este d\u00eda.Hoy, ser\u00e1 Abraham Parr\u00f3n, qui\u00e9n nos narre de una forma magistral el relato &quot;La habitaci\u00f3n maldita&quot; de Fernando Iwasaki.Tocamos tambi\u00e9n el g\u00e9nero de terror, seguro que no os dejar\u00e1 indiferentes.Os recomendamos o\u00edrlo con auriculares.De nuevo decir, que es una propuesta conjunta del \u00c1rea de Cultura del Excmo. Ayuntamiento de Casariche y del Centro Guadalinfo.\u00a1\u00a1Disfrutad de la audiolectura!!#YoMeQuedoEnCasa #CasaricheSeQuedaEnCasa #DiadelLibroCulturando Casariche Guadalinfo Casariche Ayuntamiento de Casariche<\/p>\n<p>Publicada por <a href=\"https:\/\/www.facebook.com\/Culturando-Casariche-106458497675931\/\">Culturando Casariche<\/a> en Jueves, 23 de abril de 2020<\/p><\/blockquote>\n<\/div>\n<div id=\"fb-root\"><\/div>\n<p><script async=\"1\" defer=\"1\" crossorigin=\"anonymous\" src=\"https:\/\/connect.facebook.net\/es_ES\/sdk.js#xfbml=1&amp;version=v7.0\" nonce=\"mytlkF53\"><\/script><\/p>\n<div class=\"fb-video\" data-href=\"https:\/\/www.facebook.com\/106458497675931\/videos\/233301854538541\/\" data-width=\"750\">\n<blockquote cite=\"https:\/\/www.facebook.com\/106458497675931\/videos\/233301854538541\/\" class=\"fb-xfbml-parse-ignore\"><p><a href=\"https:\/\/www.facebook.com\/106458497675931\/videos\/233301854538541\/\">AUDIORRELATO 4. MARI CARMEN<\/a><\/p>\n<p>Por fin es viernes, y buena hora para relajarnos y disfrutar con la cuarta entrega de este peque\u00f1o ciclo de &quot;Audiorrelatos&quot;, que hemos venido haciendo durante la semana para conmemorar el D\u00eda Internacional del Libro.En esta ocasi\u00f3n, ser\u00e1 Mari Carmen Bastos quien nos narre este &quot;Episodio del enemigo&quot; de Jorge Luis Borges.Con \u00e9l, damos fin a esta actividad, que hemos realizado conjuntamente desde el \u00c1rea de Cultura del Ayuntamiento de Casariche, junto al Centro Guadalinfo Casariche. Esperamos que haya sido de vuestro agrado.Para nosotros ha sido una experiencia maravillosa y gratificante, al ver la reacci\u00f3n de todos vosotros.Por cierto, mejor escucharlo con auriculares&#8230; #YoMeQuedoEnCasa #CasaricheSeQuedaEnCasa #DiadelLibroCulturando Casariche Guadalinfo Casariche Ayuntamiento de Casariche<\/p>\n<p>Publicada por <a href=\"https:\/\/www.facebook.com\/Culturando-Casariche-106458497675931\/\">Culturando Casariche<\/a> en Viernes, 24 de abril de 2020<\/p><\/blockquote>\n<\/div>\n<div id=\"fb-root\"><\/div>\n<p><script async=\"1\" defer=\"1\" crossorigin=\"anonymous\" src=\"https:\/\/connect.facebook.net\/es_ES\/sdk.js#xfbml=1&amp;version=v7.0\" nonce=\"oiEzc8s9\"><\/script><\/p>\n<div class=\"fb-video\" data-href=\"https:\/\/www.facebook.com\/biblioteca.marcosana\/videos\/2592382584415761\/\" data-width=\"750\">\n<blockquote cite=\"https:\/\/www.facebook.com\/biblioteca.marcosana\/videos\/2592382584415761\/\" class=\"fb-xfbml-parse-ignore\"><p><a href=\"https:\/\/www.facebook.com\/biblioteca.marcosana\/videos\/2592382584415761\/\"><\/a><\/p>\n<p>\u00a1Buen\u00edsimos d\u00edas y FELIZ D\u00cdA DEL LIBRO lectores y lectoras!A todos los que am\u00e1is la lectura y disfrut\u00e1is de sus buenos beneficios os deseamos que la vida os siga regalando muchos buenos momentos, en los que pasar lentamente p\u00e1ginas se convierta en un placer para los sentidos.Un placer para los sentidos, \u00a1s\u00ed eso mismo! Porque gracias a los LIBROS tenemos la oportunidad de oler a hierba fresca en esta primavera, a ver lindos paisajes, a casi saborear, a re\u00edr, a llorar, a volver al pasado, ir al futuro o simplemente quedarnos enganchados en el presente con nuestro libro en las manos.Un libro es magia y precisamente eso es lo que han hecho Cristina Moriana, Mar\u00eda Garc\u00eda y Mar\u00eda Jos\u00e9 Mar\u00edn al participar en \u201cCrea Reflexiones con los Libros\u201d una de las diferentes actividades propuesta a trav\u00e9s del Facebook de Biblioteca, Guadalinfo Casariche y Culturando Casariche.Sus reflexiones, se suman a ese homenaje a los LIBROS que llevamos haciendo durante d\u00edas y ser\u00e1n distribuidas a lo largo de la jornada de hoy. Queremos agradecerles desde aqu\u00ed su participaci\u00f3n y premiar ese esfuerzo con un libro a cada una de ellas que podr\u00e1n obtener una vez pase el periodo de confinamiento en cualquier papeler\u00eda local.Sin m\u00e1s, os dejamos con la hermosa reflexi\u00f3n de Cristina Moriana Romero, de 13 a\u00f1os. Esperemos que os guste y\u2026LARGA VIDA A LOS LIBROS#D\u00edadelLibro #CasaricheseQuedaenCasa<\/p>\n<p>Publicada por <a href=\"https:\/\/www.facebook.com\/biblioteca.marcosana\">Biblioteca Marcos Ana<\/a> en Mi\u00e9rcoles, 22 de abril de 2020<\/p><\/blockquote>\n<\/div>\n<div id=\"fb-root\"><\/div>\n<p><script async=\"1\" defer=\"1\" crossorigin=\"anonymous\" src=\"https:\/\/connect.facebook.net\/es_ES\/sdk.js#xfbml=1&amp;version=v7.0\" nonce=\"AU6oVcta\"><\/script><\/p>\n<div class=\"fb-video\" data-href=\"https:\/\/www.facebook.com\/biblioteca.marcosana\/videos\/2592529037734449\/\" data-width=\"750\">\n<blockquote cite=\"https:\/\/www.facebook.com\/biblioteca.marcosana\/videos\/2592529037734449\/\" class=\"fb-xfbml-parse-ignore\"><p><a href=\"https:\/\/www.facebook.com\/biblioteca.marcosana\/videos\/2592529037734449\/\"><\/a><\/p>\n<p>\u00a1Seguimos con este especial D\u00eda del Libro!Aqu\u00ed tene\u00eds la segunda de nuestra &quot;Reflexiones con los libros&quot;, esta vez a cargo de Mar\u00eda Garc\u00eda Su\u00e1rez, una joven con mucho talento. \u00a1Muchas gracias Mar\u00eda, es precioso!#D\u00edadelLibro #CasaricheseQuedaenCasa<\/p>\n<p>Publicada por <a href=\"https:\/\/www.facebook.com\/biblioteca.marcosana\">Biblioteca Marcos Ana<\/a> en Jueves, 23 de abril de 2020<\/p><\/blockquote>\n<\/div>\n<div id=\"fb-root\"><\/div>\n<p><script async=\"1\" defer=\"1\" crossorigin=\"anonymous\" src=\"https:\/\/connect.facebook.net\/es_ES\/sdk.js#xfbml=1&amp;version=v7.0\" nonce=\"bt2tOG1o\"><\/script><\/p>\n<div class=\"fb-video\" data-href=\"https:\/\/www.facebook.com\/biblioteca.marcosana\/videos\/2592767011043985\/\" data-width=\"750\">\n<blockquote cite=\"https:\/\/www.facebook.com\/biblioteca.marcosana\/videos\/2592767011043985\/\" class=\"fb-xfbml-parse-ignore\"><p><a href=\"https:\/\/www.facebook.com\/biblioteca.marcosana\/videos\/2592767011043985\/\"><\/a><\/p>\n<p>Y por fin, la tercera de nuestras &quot;Reflexiones con los libros&quot;. Qu\u00e9 mejor manera de poner el broche a esta actividad que con el v\u00eddeo que nos manda Mar\u00eda Jos\u00e9 Mar\u00edn Carmona, una reflexi\u00f3n preciosa y llena de sentido. Seguro que os va a encantar, tanto como a nosotros.Se recomienda el uso de auriculares para su mejor escucha.#D\u00edadelLibro #ReflexionesconlosLibros #CasaricheseQuedaenCasa<\/p>\n<p>Publicada por <a href=\"https:\/\/www.facebook.com\/biblioteca.marcosana\">Biblioteca Marcos Ana<\/a> en Jueves, 23 de abril de 2020<\/p><\/blockquote>\n<\/div>\n","protected":false},"excerpt":{"rendered":"<p>Como sab\u00e9is, la semana pasada se han llevado a cabo muchas actividades de sensibilizaci\u00f3n y fomento a la lectura, orientadas a conmemorar el D\u00eda Internacional<\/p>\n","protected":false},"author":2,"featured_media":31444,"comment_status":"closed","ping_status":"closed","sticky":false,"template":"","format":"standard","meta":{"footnotes":""},"categories":[7,9,1],"tags":[535,269,246,706,3011],"class_list":["post-31441","post","type-post","status-publish","format-standard","has-post-thumbnail","hentry","category-cultura","category-educacion","category-sin-categoria","tag-conmemoracion","tag-dia","tag-lectura","tag-libro","tag-refelxiones"],"_links":{"self":[{"href":"http:\/\/www.casariche.es\/index.php?rest_route=\/wp\/v2\/posts\/31441","targetHints":{"allow":["GET"]}}],"collection":[{"href":"http:\/\/www.casariche.es\/index.php?rest_route=\/wp\/v2\/posts"}],"about":[{"href":"http:\/\/www.casariche.es\/index.php?rest_route=\/wp\/v2\/types\/post"}],"author":[{"embeddable":true,"href":"http:\/\/www.casariche.es\/index.php?rest_route=\/wp\/v2\/users\/2"}],"replies":[{"embeddable":true,"href":"http:\/\/www.casariche.es\/index.php?rest_route=%2Fwp%2Fv2%2Fcomments&post=31441"}],"version-history":[{"count":4,"href":"http:\/\/www.casariche.es\/index.php?rest_route=\/wp\/v2\/posts\/31441\/revisions"}],"predecessor-version":[{"id":31446,"href":"http:\/\/www.casariche.es\/index.php?rest_route=\/wp\/v2\/posts\/31441\/revisions\/31446"}],"wp:featuredmedia":[{"embeddable":true,"href":"http:\/\/www.casariche.es\/index.php?rest_route=\/wp\/v2\/media\/31444"}],"wp:attachment":[{"href":"http:\/\/www.casariche.es\/index.php?rest_route=%2Fwp%2Fv2%2Fmedia&parent=31441"}],"wp:term":[{"taxonomy":"category","embeddable":true,"href":"http:\/\/www.casariche.es\/index.php?rest_route=%2Fwp%2Fv2%2Fcategories&post=31441"},{"taxonomy":"post_tag","embeddable":true,"href":"http:\/\/www.casariche.es\/index.php?rest_route=%2Fwp%2Fv2%2Ftags&post=31441"}],"curies":[{"name":"wp","href":"https:\/\/api.w.org\/{rel}","templated":true}]}}