{"id":31054,"date":"2020-03-31T16:38:06","date_gmt":"2020-03-31T14:38:06","guid":{"rendered":"http:\/\/www.casariche.es\/?p=31054"},"modified":"2020-03-31T16:38:06","modified_gmt":"2020-03-31T14:38:06","slug":"el-gobierno-obliga-a-acreditar-mediante-un-documento-que-el-trabajador-tiene-que-seguir-desplazandose-a-la-empresa","status":"publish","type":"post","link":"http:\/\/www.casariche.es\/?p=31054","title":{"rendered":"El Gobierno obliga a acreditar mediante un documento que el trabajador tiene que seguir desplaz\u00e1ndose a la empresa"},"content":{"rendered":"<p style=\"text-align: justify;\">El <strong>Bolet\u00edn Oficial del Estado<\/strong> public\u00f3 ayer lunes una orden extraordinaria en la que se recogen tres \u00f3rdenes ministeriales, tras la decisi\u00f3n de cesar la actividad de todas aquellas actividades no esenciales hasta el pr\u00f3ximo 9 de abril, de cara al control de la pandemia del Coronavirus en Espa\u00f1a.<\/p>\n<p style=\"text-align: justify;\">La primera de ellas es relativa a la <strong>obligatoriedad de las empresas de firmar una declaraci\u00f3n responsable para que los empleados por cuenta ajena puedan acudir a sus puestos de trabajo desde este martes y hasta el pr\u00f3ximo 9 de abril<\/strong>.<\/p>\n<p style=\"text-align: justify;\"><a href=\"https:\/\/drive.google.com\/open?id=1HvEhVagbMSzlSKcljzZJkMkDX8ZlaQbP\" target=\"_blank\" rel=\"noopener\">Descargar modelo de declaraci\u00f3n responsable<\/a><\/p>\n<p style=\"text-align: justify;\"><a href=\"https:\/\/www.boe.es\/boe\/dias\/2020\/03\/30\/pdfs\/BOE-A-2020-4196.pdf?fbclid=IwAR00CLzssD3Z5lb0FG9W6ihpP51z4uf4VMzCPd28h6nS5XaThSIYtT3UQN0\" target=\"_blank\" rel=\"noopener\">Consultar BOE 30 de Marzo<\/a><\/p>\n<p><img loading=\"lazy\" decoding=\"async\" class=\"aligncenter wp-image-31056 size-full\" src=\"http:\/\/www.casariche.es\/wp-content\/uploads\/2020\/03\/modresponsable.jpg\" alt=\"\" width=\"480\" height=\"638\" srcset=\"http:\/\/www.casariche.es\/wp-content\/uploads\/2020\/03\/modresponsable.jpg 480w, http:\/\/www.casariche.es\/wp-content\/uploads\/2020\/03\/modresponsable-226x300.jpg 226w\" sizes=\"auto, (max-width: 480px) 100vw, 480px\" \/><\/p>\n","protected":false},"excerpt":{"rendered":"<p>El Bolet\u00edn Oficial del Estado public\u00f3 ayer lunes una orden extraordinaria en la que se recogen tres \u00f3rdenes ministeriales, tras la decisi\u00f3n de cesar la<\/p>\n","protected":false},"author":2,"featured_media":31055,"comment_status":"closed","ping_status":"closed","sticky":false,"template":"","format":"standard","meta":{"footnotes":""},"categories":[1],"tags":[2946,662,2947,789],"class_list":["post-31054","post","type-post","status-publish","format-standard","has-post-thumbnail","hentry","category-sin-categoria","tag-declaracion","tag-empresas","tag-modelo","tag-responsable"],"_links":{"self":[{"href":"http:\/\/www.casariche.es\/index.php?rest_route=\/wp\/v2\/posts\/31054","targetHints":{"allow":["GET"]}}],"collection":[{"href":"http:\/\/www.casariche.es\/index.php?rest_route=\/wp\/v2\/posts"}],"about":[{"href":"http:\/\/www.casariche.es\/index.php?rest_route=\/wp\/v2\/types\/post"}],"author":[{"embeddable":true,"href":"http:\/\/www.casariche.es\/index.php?rest_route=\/wp\/v2\/users\/2"}],"replies":[{"embeddable":true,"href":"http:\/\/www.casariche.es\/index.php?rest_route=%2Fwp%2Fv2%2Fcomments&post=31054"}],"version-history":[{"count":2,"href":"http:\/\/www.casariche.es\/index.php?rest_route=\/wp\/v2\/posts\/31054\/revisions"}],"predecessor-version":[{"id":31058,"href":"http:\/\/www.casariche.es\/index.php?rest_route=\/wp\/v2\/posts\/31054\/revisions\/31058"}],"wp:featuredmedia":[{"embeddable":true,"href":"http:\/\/www.casariche.es\/index.php?rest_route=\/wp\/v2\/media\/31055"}],"wp:attachment":[{"href":"http:\/\/www.casariche.es\/index.php?rest_route=%2Fwp%2Fv2%2Fmedia&parent=31054"}],"wp:term":[{"taxonomy":"category","embeddable":true,"href":"http:\/\/www.casariche.es\/index.php?rest_route=%2Fwp%2Fv2%2Fcategories&post=31054"},{"taxonomy":"post_tag","embeddable":true,"href":"http:\/\/www.casariche.es\/index.php?rest_route=%2Fwp%2Fv2%2Ftags&post=31054"}],"curies":[{"name":"wp","href":"https:\/\/api.w.org\/{rel}","templated":true}]}}