{"id":31042,"date":"2020-03-31T11:12:46","date_gmt":"2020-03-31T09:12:46","guid":{"rendered":"http:\/\/www.casariche.es\/?p=31042"},"modified":"2020-03-31T11:12:46","modified_gmt":"2020-03-31T09:12:46","slug":"aprobadas-medidas-extraordinarias-para-acelerar-la-renta-minima-y-las-ayudas-al-alquiler","status":"publish","type":"post","link":"http:\/\/www.casariche.es\/?p=31042","title":{"rendered":"Aprobadas medidas extraordinarias para acelerar la renta m\u00ednima y las ayudas al alquiler"},"content":{"rendered":"<p style=\"text-align: justify;\">La Junta de Andaluc\u00eda ha aprobado un decreto ley (Decreto-Ley 6\/2020, de 30 de Marzo) por el que se establecen <strong>medidas extraordinarias y urgentes en los \u00e1mbitos econ\u00f3mico y social<\/strong> <strong>como consecuencia de la situaci\u00f3n ocasionada por el Covid-19<\/strong>, unas medidas que engloban a cinco consejer\u00edas.<\/p>\n<p style=\"text-align: justify;\">En el caso de la Consejer\u00eda de Igualdad, Pol\u00edticas Sociales y Conciliaci\u00f3n, se <strong>ha autorizado que se acelere la resoluci\u00f3n de expedientes de Renta M\u00ednima de Inserci\u00f3n Social para dar respuesta inmediata a las situaciones de vulnerabilidad producidas como consecuencia de la evoluci\u00f3n del coronavirus en Andaluc\u00eda.<\/strong><\/p>\n<p style=\"text-align: justify;\">Por parte de la Consejer\u00eda de Fomento, Infraestructuras y Ordenaci\u00f3n del Territorio, se incluye la <strong>agilizaci\u00f3n del abono de las ayudas al alquiler de vivienda<\/strong>. Con esta medida se podr\u00e1n abonar durante el presente a\u00f1o unos 48 millones de euros, dando respuesta a las familias, j\u00f3venes y personas en situaci\u00f3n de vulnerabilidad que solicitaron la ayuda y que no deben verse afectadas por la suspensi\u00f3n de los plazos administrativos como consecuencia de la crisis del coronavirus.<\/p>\n<p style=\"text-align: justify;\">La Consejer\u00eda de Educaci\u00f3n y Deporte ha <strong>ampliado la garant\u00eda alimentaria al alumnado escolarizado en centros docentes privados sostenidos con fondos p\u00fablicos con planes de compensaci\u00f3n educativa durante el periodo de crisis provocado por el Covid-19<\/strong>. Esta medida, tambi\u00e9n incluida en el Decreto Ley aprobado por el Consejo de Gobierno, beneficiar\u00e1 a 1.861 escolares en riesgo de exclusi\u00f3n social que utilizan el servicio de comedor de 19 centros concertados.<\/p>\n<p style=\"text-align: justify;\">En el \u00e1mbito econ\u00f3mico, el Consejo de Gobierno ha aprobado la <strong>ampliaci\u00f3n de los plazos para que puedan justificar sus inversiones y el mantenimiento de empleo las empresas beneficiarias de subvenciones de los programas de desarrollo industrial<\/strong>, <strong>la mejora de la competitividad, la transformaci\u00f3n digital y la creaci\u00f3n de empleo en Andaluc\u00eda, as\u00ed como la promoci\u00f3n de la investigaci\u00f3n industrial, el desarrollo experimental y la innovaci\u00f3n empresarial gestionados por la Agencia IDEA<\/strong>.<\/p>\n<p style=\"text-align: justify;\">Por parte de la Consejer\u00eda de la Presidencia, Administraci\u00f3n P\u00fablica e Interior, se ha aprobado la <strong>agilizaci\u00f3n de las contrataciones para hacer frente a la pandemia y al desarrollo de las medidas de apoyo aprobadas por el Consejo de Gobierno.<\/strong> La evoluci\u00f3n de la emergencia sanitaria ha colocado en situaci\u00f3n cr\u00edtica determinados servicios p\u00fablicos esenciales que precisan de una atenci\u00f3n ineludible e inaplazable, y se hace necesario reforzar las medidas que hagan frente a esta situaci\u00f3n y aseguren la necesaria presencia de personal en los centros que los prestan.<\/p>\n<p style=\"text-align: justify;\"><a href=\"http:\/\/www.juntadeandalucia.es\/presidencia\/portavoz\/gobiernoaldia\/151245\/ConsejodeGobierno\/Covid19\/RentaMinima\/Alquiler\/Economia\/Ayudas\" target=\"_blank\" rel=\"noopener\">Consultar m\u00e1s informaci\u00f3n<\/a><\/p>\n<p><a href=\"https:\/\/www.juntadeandalucia.es\/eboja\/2020\/512\/index.html\" target=\"_blank\" rel=\"noopener\">Consultar BOJA Extraordinario n\u00ba 12 de 30\/03\/2020<\/a><\/p>\n<p><img loading=\"lazy\" decoding=\"async\" class=\"aligncenter wp-image-31044 size-full\" src=\"http:\/\/www.casariche.es\/wp-content\/uploads\/2020\/03\/alquiler.jpg\" alt=\"\" width=\"480\" height=\"260\" srcset=\"http:\/\/www.casariche.es\/wp-content\/uploads\/2020\/03\/alquiler.jpg 480w, http:\/\/www.casariche.es\/wp-content\/uploads\/2020\/03\/alquiler-300x163.jpg 300w\" sizes=\"auto, (max-width: 480px) 100vw, 480px\" \/><\/p>\n<p>&nbsp;<\/p>\n","protected":false},"excerpt":{"rendered":"<p>La Junta de Andaluc\u00eda ha aprobado un decreto ley (Decreto-Ley 6\/2020, de 30 de Marzo) por el que se establecen medidas extraordinarias y urgentes en<\/p>\n","protected":false},"author":2,"featured_media":31044,"comment_status":"closed","ping_status":"closed","sticky":false,"template":"","format":"standard","meta":{"footnotes":""},"categories":[1],"tags":[2940,413,620,2891,2943,394,2942,2941,596],"class_list":["post-31042","post","type-post","status-publish","format-standard","has-post-thumbnail","hentry","category-sin-categoria","tag-alquile","tag-andalucia","tag-ayudas","tag-covid-19","tag-economicas","tag-junta","tag-minima","tag-renta","tag-sociales"],"_links":{"self":[{"href":"http:\/\/www.casariche.es\/index.php?rest_route=\/wp\/v2\/posts\/31042","targetHints":{"allow":["GET"]}}],"collection":[{"href":"http:\/\/www.casariche.es\/index.php?rest_route=\/wp\/v2\/posts"}],"about":[{"href":"http:\/\/www.casariche.es\/index.php?rest_route=\/wp\/v2\/types\/post"}],"author":[{"embeddable":true,"href":"http:\/\/www.casariche.es\/index.php?rest_route=\/wp\/v2\/users\/2"}],"replies":[{"embeddable":true,"href":"http:\/\/www.casariche.es\/index.php?rest_route=%2Fwp%2Fv2%2Fcomments&post=31042"}],"version-history":[{"count":2,"href":"http:\/\/www.casariche.es\/index.php?rest_route=\/wp\/v2\/posts\/31042\/revisions"}],"predecessor-version":[{"id":31045,"href":"http:\/\/www.casariche.es\/index.php?rest_route=\/wp\/v2\/posts\/31042\/revisions\/31045"}],"wp:featuredmedia":[{"embeddable":true,"href":"http:\/\/www.casariche.es\/index.php?rest_route=\/wp\/v2\/media\/31044"}],"wp:attachment":[{"href":"http:\/\/www.casariche.es\/index.php?rest_route=%2Fwp%2Fv2%2Fmedia&parent=31042"}],"wp:term":[{"taxonomy":"category","embeddable":true,"href":"http:\/\/www.casariche.es\/index.php?rest_route=%2Fwp%2Fv2%2Fcategories&post=31042"},{"taxonomy":"post_tag","embeddable":true,"href":"http:\/\/www.casariche.es\/index.php?rest_route=%2Fwp%2Fv2%2Ftags&post=31042"}],"curies":[{"name":"wp","href":"https:\/\/api.w.org\/{rel}","templated":true}]}}