{"id":30973,"date":"2020-03-28T12:23:20","date_gmt":"2020-03-28T11:23:20","guid":{"rendered":"http:\/\/www.casariche.es\/?p=30973"},"modified":"2020-03-28T12:23:20","modified_gmt":"2020-03-28T11:23:20","slug":"entre-tods-vamos-a-crear-el-festival-casariche-se-queda-en-casa","status":"publish","type":"post","link":"http:\/\/www.casariche.es\/?p=30973","title":{"rendered":"Entre tod@s vamos a crear el Festival \u00abCasariche se Queda en Casa\u00bb"},"content":{"rendered":"<p style=\"text-align: justify;\">Tambi\u00e9n desde nuestra Delegaci\u00f3n de Juventud ha surgido la propuesta de crear nuestro <strong>particular #YoMeQuedoEnCasaFestival<\/strong>. Para ello, est\u00e1 pidiendo la <strong>colaboraci\u00f3n de nuestros artistas locales<\/strong>, d\u00e1ndoles la oportunidad de expresarse a trav\u00e9s de sus actuaciones y a su vez, de mandar un mensaje de aliento en estos momentos en que tanta falta nos hace.<\/p>\n<p style=\"text-align: justify;\">La primera actuaci\u00f3n ha llegado de Jos\u00e9 Moriana, con una magn\u00edfica obra de arte, que conjuga m\u00fasica y dibujo, que se acompa\u00f1a de este\u00a0\u00a0mensaje cargado de energ\u00eda positiva: \u00a1TODOS JUNTOS LO CONSEGUIREMOS!<\/p>\n<p style=\"text-align: justify;\">\u00abDesde aqu\u00ed, te mostramos nuestro pleno agradecimiento por prestarte siempre que te lo pedimos\u00bb.<\/p>\n<p style=\"text-align: justify;\">Deseamos que disfrut\u00e9is de su interpretaci\u00f3n tanto como nosotros y ya estamos esperando m\u00e1s a trav\u00e9s del <a href=\"https:\/\/www.facebook.com\/juventippo.casariche\" target=\"_blank\" rel=\"noopener\">Facebook Juventippo<\/a>.<\/p>\n<p>https:\/\/www.facebook.com\/juventippo.casariche\/videos\/1604644876357278\/<\/p>\n<p>&nbsp;<\/p>\n","protected":false},"excerpt":{"rendered":"<p>Tambi\u00e9n desde nuestra Delegaci\u00f3n de Juventud ha surgido la propuesta de crear nuestro particular #YoMeQuedoEnCasaFestival. Para ello, est\u00e1 pidiendo la colaboraci\u00f3n de nuestros artistas locales,<\/p>\n","protected":false},"author":2,"featured_media":30975,"comment_status":"closed","ping_status":"closed","sticky":false,"template":"","format":"standard","meta":{"footnotes":""},"categories":[7,1,22],"tags":[1709,2033,13,65,2716,730],"class_list":["post-30973","post","type-post","status-publish","format-standard","has-post-thumbnail","hentry","category-cultura","category-sin-categoria","category-juventud","tag-artistas","tag-casa","tag-casariche","tag-festival","tag-locales","tag-queda"],"_links":{"self":[{"href":"http:\/\/www.casariche.es\/index.php?rest_route=\/wp\/v2\/posts\/30973","targetHints":{"allow":["GET"]}}],"collection":[{"href":"http:\/\/www.casariche.es\/index.php?rest_route=\/wp\/v2\/posts"}],"about":[{"href":"http:\/\/www.casariche.es\/index.php?rest_route=\/wp\/v2\/types\/post"}],"author":[{"embeddable":true,"href":"http:\/\/www.casariche.es\/index.php?rest_route=\/wp\/v2\/users\/2"}],"replies":[{"embeddable":true,"href":"http:\/\/www.casariche.es\/index.php?rest_route=%2Fwp%2Fv2%2Fcomments&post=30973"}],"version-history":[{"count":3,"href":"http:\/\/www.casariche.es\/index.php?rest_route=\/wp\/v2\/posts\/30973\/revisions"}],"predecessor-version":[{"id":30977,"href":"http:\/\/www.casariche.es\/index.php?rest_route=\/wp\/v2\/posts\/30973\/revisions\/30977"}],"wp:featuredmedia":[{"embeddable":true,"href":"http:\/\/www.casariche.es\/index.php?rest_route=\/wp\/v2\/media\/30975"}],"wp:attachment":[{"href":"http:\/\/www.casariche.es\/index.php?rest_route=%2Fwp%2Fv2%2Fmedia&parent=30973"}],"wp:term":[{"taxonomy":"category","embeddable":true,"href":"http:\/\/www.casariche.es\/index.php?rest_route=%2Fwp%2Fv2%2Fcategories&post=30973"},{"taxonomy":"post_tag","embeddable":true,"href":"http:\/\/www.casariche.es\/index.php?rest_route=%2Fwp%2Fv2%2Ftags&post=30973"}],"curies":[{"name":"wp","href":"https:\/\/api.w.org\/{rel}","templated":true}]}}