{"id":30933,"date":"2020-03-29T12:05:55","date_gmt":"2020-03-29T11:05:55","guid":{"rendered":"http:\/\/www.casariche.es\/?p=30933"},"modified":"2020-03-29T12:58:36","modified_gmt":"2020-03-29T11:58:36","slug":"el-martes-31-de-marzo-hay-una-campana-de-donacion-de-sangre-en-casariche","status":"publish","type":"post","link":"http:\/\/www.casariche.es\/?p=30933","title":{"rendered":"El martes 31 de Marzo hay una campa\u00f1a de donaci\u00f3n de sangre en Casariche"},"content":{"rendered":"<p style=\"text-align: justify;\">El <strong>martes 31 de Marzo<\/strong> hay una c<strong>ampa\u00f1a de donaci\u00f3n de sangre en Casariche<\/strong>, que se realizar\u00e1 en la Casa de la Juventud en horario <strong>de 10.00 a 14.00 h y de 17.30 a 21.00 h<\/strong>, que cuenta con la colaboraci\u00f3n del Ayuntamiento de Casariche.<\/p>\n<p style=\"text-align: justify;\"><strong>Siempre es important\u00edsimo donar y ahora incluso m\u00e1s:<\/strong> durante el estado de alarma decretado por la crisis sanitaria por el coronavirus (COVID-19), la donaci\u00f3n de sangre sigue siendo necesaria para cubrir las necesidades asistenciales. De hecho, este procedimiento es una de las causas excepcionales que permiten abandonar el domicilio durante este periodo: puedes usar tu carn\u00e9 de donante para justificar que est\u00e1s en la calle si eres requerido por las autoridades y en los centros de transfusi\u00f3n se te entregar\u00e1 un justificante.<\/p>\n<p style=\"text-align: justify;\">Incluso en estas circunstancias, <strong>la donaci\u00f3n es un acto seguro<\/strong>: recuerda que todo el material utilizado es totalmente est\u00e9ril y desechable, sin que sea posible ninguna transmisi\u00f3n por esta causa.<\/p>\n<p style=\"text-align: justify;\">Os recordamos como siempre los requisitos para donar (las personas que acudieron a donar en\u00a0la \u00faltima campa\u00f1a de donaci\u00f3n celebrada en nuestro municipio no podr\u00e1n volver a hacerlo dado que no ha pasado el tiempo m\u00ednimo exigido entre donaciones (2 meses).\u00a0\u00a0<strong>Se necesita sangre de todos los grupos sangu\u00edneos:<\/strong><\/p>\n<p style=\"text-align: justify;\">\u2022 Pesar m\u00e1s de 50 Kilos<br \/>\n\u2022 Ser mayor de edad<br \/>\n\u2022 Gozar de buena salud<br \/>\n\u2022 No acudir en ayunas<\/p>\n<p style=\"text-align: justify;\">La sangre es un \u201cmedicamento\u201d vital que no se puede fabricar ni comprar. <strong>Muchas gracias de antemano por vuestra solidaridad.<\/strong><\/p>\n<p style=\"text-align: justify;\">Nuestro <strong>Colaborador Local de Donaciones<\/strong> hace \u00abun l<strong>lamamiento a esta donaci\u00f3n de sangre<\/strong> especial que se va a realizar en nuestro municipio el martes 31, as\u00ed como informa que, para facilitar \u00a0toda la seguridad que nos exige la alerta sanitaria, se va a poner un tel\u00e9fono de contacto <strong>para \u00a0que la persona que vaya a donar \u00a0tenga una hora de referencia, de modo que no se produzcan aglomeraciones<\/strong>. El <strong>tel\u00e9fono<\/strong> donde se facilitar\u00e1 dicho horario es: <strong>633 110 469 (llamar o mandar whatsapp)<\/strong>.\u00a0 Os recordamos que <strong>la donaci\u00f3n ser\u00e1 el\u00a0martes 31 de Marzo en horario de 10:00 a 14:00 (ma\u00f1ana) \u00a0y de 17.30 a 21:00 horas (tarde). Gracias por vuestra solidaridad y comprensi\u00f3n\u00bb.<\/strong><\/p>\n<p><iframe loading=\"lazy\" title=\"Donaci\u00f3n Sangre Casariche 31 Marzo 2020\" width=\"750\" height=\"422\" src=\"https:\/\/www.youtube.com\/embed\/kowlz2SLUgg?feature=oembed\" frameborder=\"0\" allow=\"accelerometer; autoplay; encrypted-media; gyroscope; picture-in-picture\" allowfullscreen><\/iframe><\/p>\n<p><img loading=\"lazy\" decoding=\"async\" class=\"aligncenter wp-image-30943 size-full\" src=\"http:\/\/www.casariche.es\/wp-content\/uploads\/2020\/03\/sangre31m.jpg\" alt=\"\" width=\"404\" height=\"480\" srcset=\"http:\/\/www.casariche.es\/wp-content\/uploads\/2020\/03\/sangre31m.jpg 404w, http:\/\/www.casariche.es\/wp-content\/uploads\/2020\/03\/sangre31m-253x300.jpg 253w\" sizes=\"auto, (max-width: 404px) 100vw, 404px\" \/><\/p>\n<p>&nbsp;<\/p>\n","protected":false},"excerpt":{"rendered":"<p>El martes 31 de Marzo hay una campa\u00f1a de donaci\u00f3n de sangre en Casariche, que se realizar\u00e1 en la Casa de la Juventud en horario<\/p>\n","protected":false},"author":2,"featured_media":30942,"comment_status":"closed","ping_status":"closed","sticky":false,"template":"","format":"standard","meta":{"footnotes":""},"categories":[1,6],"tags":[35,112,113],"class_list":["post-30933","post","type-post","status-publish","format-standard","has-post-thumbnail","hentry","category-sin-categoria","category-bienestar-social","tag-campana","tag-donacion","tag-sangre"],"_links":{"self":[{"href":"http:\/\/www.casariche.es\/index.php?rest_route=\/wp\/v2\/posts\/30933","targetHints":{"allow":["GET"]}}],"collection":[{"href":"http:\/\/www.casariche.es\/index.php?rest_route=\/wp\/v2\/posts"}],"about":[{"href":"http:\/\/www.casariche.es\/index.php?rest_route=\/wp\/v2\/types\/post"}],"author":[{"embeddable":true,"href":"http:\/\/www.casariche.es\/index.php?rest_route=\/wp\/v2\/users\/2"}],"replies":[{"embeddable":true,"href":"http:\/\/www.casariche.es\/index.php?rest_route=%2Fwp%2Fv2%2Fcomments&post=30933"}],"version-history":[{"count":9,"href":"http:\/\/www.casariche.es\/index.php?rest_route=\/wp\/v2\/posts\/30933\/revisions"}],"predecessor-version":[{"id":30999,"href":"http:\/\/www.casariche.es\/index.php?rest_route=\/wp\/v2\/posts\/30933\/revisions\/30999"}],"wp:featuredmedia":[{"embeddable":true,"href":"http:\/\/www.casariche.es\/index.php?rest_route=\/wp\/v2\/media\/30942"}],"wp:attachment":[{"href":"http:\/\/www.casariche.es\/index.php?rest_route=%2Fwp%2Fv2%2Fmedia&parent=30933"}],"wp:term":[{"taxonomy":"category","embeddable":true,"href":"http:\/\/www.casariche.es\/index.php?rest_route=%2Fwp%2Fv2%2Fcategories&post=30933"},{"taxonomy":"post_tag","embeddable":true,"href":"http:\/\/www.casariche.es\/index.php?rest_route=%2Fwp%2Fv2%2Ftags&post=30933"}],"curies":[{"name":"wp","href":"https:\/\/api.w.org\/{rel}","templated":true}]}}