{"id":30931,"date":"2020-03-27T13:58:38","date_gmt":"2020-03-27T12:58:38","guid":{"rendered":"http:\/\/www.casariche.es\/?p=30931"},"modified":"2020-03-27T13:59:58","modified_gmt":"2020-03-27T12:59:58","slug":"comunicado-del-servicio-publico-de-empleo-estatal-sepe-ante-el-covid-19","status":"publish","type":"post","link":"http:\/\/www.casariche.es\/?p=30931","title":{"rendered":"Comunicado del Servicio P\u00fablico de Empleo Estatal (SEPE) ante el COVID-19"},"content":{"rendered":"<p style=\"text-align: justify;\">Incluimos a continuaci\u00f3n la comunicaci\u00f3n emitida por el <strong>SEPE sobre las V\u00edas de Comunicaci\u00f3n y Presentaci\u00f3n de Solicitudes ante el COVID-19 <\/strong>(tanto para personas afectadas por ERTEs como para aquellas en situaci\u00f3n de desempleo no afectadas por un ERTE)<strong>, as\u00ed como otra informaci\u00f3n general y avisos importantes para la ciudadan\u00eda<\/strong>:<\/p>\n<p style=\"text-align: justify;\"><em>\u00abEl Servicio P\u00fablico de Empleo Estatal est\u00e1 actuando ante la situaci\u00f3n provocada por la evoluci\u00f3n del COVID- 19 para atender una demanda sin precedentes de consultas y de solicitudes.<\/em><\/p>\n<p style=\"text-align: justify;\"><em>Debido a la situaci\u00f3n de emergencia sanitaria, las oficinas del SEPE no atienden al p\u00fablico de forma presencial, pero se sigue trabajando desde ellas para tramitar las solicitudes que se reciban, habi\u00e9ndose reforzado los medios de atenci\u00f3n no presencial.<\/em><\/p>\n<p style=\"text-align: justify;\"><span style=\"text-decoration: underline;\"><strong><em>V\u00cdAS DE COMUNICACI\u00d3N Y DE PRESENTACI\u00d3N DE SOLICITUDES:<\/em><\/strong><\/span><\/p>\n<p style=\"text-align: justify;\"><strong><em>Informaci\u00f3n para personas afectadas por ERTEs: suspensiones temporales de contratos y reducciones temporales de jornada<\/em><\/strong><\/p>\n<p style=\"text-align: justify;\"><em>\u2022 Todas las personas trabajadoras afectadas por un ERTE ocasionado por el COVID-19 tendr\u00e1n derecho al reconocimiento de la prestaci\u00f3n por desempleo, aunque no hayan cotizado el per\u00edodo m\u00ednimo necesario para ello.<\/em><\/p>\n<p style=\"text-align: justify;\"><em>\u2022 Las personas afectadas por un ERTE de este tipo NO TIENEN QUE REALIZAR NING\u00daN TR\u00c1MITE PARA SOLICITAR SU PRESTACI\u00d3N ante el Servicio P\u00fablico de Empleo Estatal (SEPE).<\/em><\/p>\n<p style=\"text-align: justify;\"><em>\u2022 Son las EMPRESAS que han presentado un ERTE por dichas causas las que har\u00e1n la solicitud colectiva de las prestaciones por desempleo en nombre de todos los trabajadores afectados ante el SEPE. Lo \u00fanico que tiene que hacer el trabajador es autorizar a su empresa para que env\u00ede sus datos al SEPE.<\/em><\/p>\n<p style=\"text-align: justify;\"><em>\u2022 El SEPE ha articulado un procedimiento espec\u00edfico para que las empresas (directamente o a trav\u00e9s de sus asesor\u00edas) comuniquen los datos de cada trabajador afectado por el ERTE.<\/em><\/p>\n<p style=\"text-align: justify;\"><em>\u2022 Se ha puesto a disposici\u00f3n de las empresas una plantilla para el env\u00edo de la informaci\u00f3n de los trabajadores por cada uno de los centros de trabajo. Esta plantilla se puede descargar desde el sitio http:\/\/www.sepe.es\/HomeS\u2026\/COVID-19\/informacion-empresas.html.<\/em><\/p>\n<p style=\"text-align: justify;\"><em>\u2022 Los trabajadores no deben dirigirse al SEPE para consultar el estado de su expediente ni para ninguna otra gesti\u00f3n. El reconocimiento de las prestaciones va a ser autom\u00e1tico, aunque, con el volumen de expedientes que vamos a recibir, el pago de las prestaciones puede demorarse. Estamos trabajando para que ese tiempo sea lo menor posible.<\/em><\/p>\n<p style=\"text-align: justify;\"><strong><em>Informaci\u00f3n para personas en situaci\u00f3n de desempleo no afectadas por un ERTE:<\/em><\/strong><\/p>\n<p style=\"text-align: justify;\"><em>Deber\u00e1n presentar su solicitud de prestaci\u00f3n ante el SEPE. En este momento se puede presentar solicitud al SEPE a trav\u00e9s de UNA de las v\u00edas siguientes:<\/em><\/p>\n<p style=\"text-align: justify;\"><em>\u2022 Puede realizarse el tr\u00e1mite por v\u00eda telem\u00e1tica en la sede electr\u00f3nica si se dispone de DNI electr\u00f3nico, certificado digital o cl@ve.<\/em><\/p>\n<p style=\"text-align: justify;\"><em>\u2022 Se puede contactar con el SEPE a trav\u00e9s del servici\u00f3 de atenci\u00f3n telef\u00f3nica. El elevado n\u00famero de llamadas hace que se produzca una saturaci\u00f3n de las l\u00edneas en algunos momentos, pese a haberse ampliado el horario de atenci\u00f3n.<\/em><\/p>\n<p style=\"text-align: justify;\"><em>\u2022 Est\u00e1 disponible un formulario de pre-solicitud disponible durante el periodo de vigencia de las medidas extraordinarias COVID- 19. Este formulario NO ES DE APLICACI\u00d3N SI LA PERSONA EST\u00c1 AFECTADA POR UN ERTE.<\/em><\/p>\n<p style=\"text-align: justify;\"><strong><em><span style=\"text-decoration: underline;\">OTRA INFORMACI\u00d3N GENERAL<\/span>:<\/em><\/strong><\/p>\n<p style=\"text-align: justify;\"><em>\u2022 Toda la informaci\u00f3n sobre las medidas que se van poniendo en marcha ante el COVID- 19 est\u00e1 en la web del SEPE y en nuestras redes sociales.<\/em><\/p>\n<p style=\"text-align: justify;\"><em>\u2022 El SEPE, junto a las CC.AA. est\u00e1 impulsando medidas para asegurar la inscripci\u00f3n como demandante de empleo. Todos los Servicios P\u00fablicos de Empleo auton\u00f3micos permiten la inscripci\u00f3n de demanda por medios no presenciales y no se tienen que renovar las demandas (\u201csellar el paro\u201d), permaneciendo en alta<\/em><\/p>\n<p style=\"text-align: justify;\"><em>\u2022 Se recuerda que los plazos est\u00e1n suspendidos, que no corren y que no se perder\u00e1n d\u00edas de derecho por presentar la solicitud fuera de plazo.<\/em><\/p>\n<p style=\"text-align: justify;\"><em>\u2022 En los subsidios, no se tiene que solicitar la pr\u00f3rroga del subsidio, manteni\u00e9ndose el pago del mismo transcurridos los 6 meses de plazo.<\/em><\/p>\n<p style=\"text-align: justify;\"><em>\u2022 En el subsidio para trabajadores mayores de 52 a\u00f1os, no se interrumpir\u00e1 el pago de los subsidios por desempleo por la falta de presentaci\u00f3n de la Declaraci\u00f3n Anual de Rentas (DAR).<\/em><\/p>\n<p style=\"text-align: justify;\"><strong><em><span style=\"text-decoration: underline;\">MUY IMPORTANTE<\/span>:<\/em><\/strong><\/p>\n<p style=\"text-align: justify;\"><em>\u2022 LOS TRABAJADORES AFECTADOS POR UN ERTE NO DEBEN SOLICITAR CITA PREVIA NI DIRIGIRSE AL SEPE. LA SOLICITUD SE REALIZA DE FORMA COLECTIVA POR LA EMPRESA.<\/em><\/p>\n<p style=\"text-align: justify;\"><em>\u2022 LOS TRABAJADORES QUE HAN VISTO EXTINGUIDA SU RELACI\u00d3N LABORAL Y QUIEREN SOLICITAR SU PRESTACI\u00d3N DEBER\u00c1N USAR UN \u00daNICO CANAL PARA HACERLO:<\/em><br \/>\n<em>o Tanto si se ha enviado una pre-solicitud por el formulario indicado, como si se ha solicitado cita previa, desde el SEPE se iniciar\u00e1 la tramitaci\u00f3n y se pondr\u00e1n en contacto a la mayor brevedad con el trabajador. No debe iniciarse una nueva solicitud por otra v\u00eda.<\/em><br \/>\n<em>o Presentar la solicitud a trav\u00e9s de varios medios ser\u00eda redundante y solo servir\u00eda para retrasar la atenci\u00f3n.<\/em><\/p>\n<p style=\"text-align: justify;\"><em>Ante la SITUACI\u00d3N DE EMERGENCIA, SE RUEGA UN USO RESPONSABLE DE LAS V\u00cdAS DE ATENCI\u00d3N, para evitar el colapso y la demora en la tramitaci\u00f3n de solicitudes duplicadas\u00bb.<\/em><\/p>\n<p><img loading=\"lazy\" decoding=\"async\" class=\"spotlight aligncenter\" src=\"https:\/\/scontent-mad1-1.xx.fbcdn.net\/v\/t1.0-9\/s960x960\/90965543_876904742771613_2988793249373618176_o.jpg?_nc_cat=107&amp;_nc_sid=8024bb&amp;_nc_ohc=qOLLzng4cjUAX9QQsRc&amp;_nc_ht=scontent-mad1-1.xx&amp;_nc_tp=7&amp;oh=96ef4903a01f1e7252729df568b38cd4&amp;oe=5EA3DFB0\" alt=\"La imagen puede contener: texto\" width=\"480\" height=\"679\" aria-busy=\"true\" \/><\/p>\n<p><img loading=\"lazy\" decoding=\"async\" class=\"spotlight aligncenter\" src=\"https:\/\/scontent-mad1-1.xx.fbcdn.net\/v\/t1.0-9\/s960x960\/90705330_876904819438272_8057392577537638400_o.jpg?_nc_cat=105&amp;_nc_sid=8024bb&amp;_nc_ohc=_1ujYI_JepEAX8mSYMM&amp;_nc_ht=scontent-mad1-1.xx&amp;_nc_tp=7&amp;oh=f36c48618c0ee6dc4941faf69fe034de&amp;oe=5EA1C2C9\" alt=\"La imagen puede contener: texto\" width=\"480\" height=\"679\" aria-busy=\"false\" \/><\/p>\n","protected":false},"excerpt":{"rendered":"<p>Incluimos a continuaci\u00f3n la comunicaci\u00f3n emitida por el SEPE sobre las V\u00edas de Comunicaci\u00f3n y Presentaci\u00f3n de Solicitudes ante el COVID-19 (tanto para personas afectadas<\/p>\n","protected":false},"author":2,"featured_media":30935,"comment_status":"closed","ping_status":"closed","sticky":false,"template":"","format":"standard","meta":{"footnotes":""},"categories":[9,1],"tags":[2891,2926,1468,2925,2924],"class_list":["post-30931","post","type-post","status-publish","format-standard","has-post-thumbnail","hentry","category-educacion","category-sin-categoria","tag-covid-19","tag-ertes","tag-informacion","tag-interes","tag-sepe"],"_links":{"self":[{"href":"http:\/\/www.casariche.es\/index.php?rest_route=\/wp\/v2\/posts\/30931","targetHints":{"allow":["GET"]}}],"collection":[{"href":"http:\/\/www.casariche.es\/index.php?rest_route=\/wp\/v2\/posts"}],"about":[{"href":"http:\/\/www.casariche.es\/index.php?rest_route=\/wp\/v2\/types\/post"}],"author":[{"embeddable":true,"href":"http:\/\/www.casariche.es\/index.php?rest_route=\/wp\/v2\/users\/2"}],"replies":[{"embeddable":true,"href":"http:\/\/www.casariche.es\/index.php?rest_route=%2Fwp%2Fv2%2Fcomments&post=30931"}],"version-history":[{"count":3,"href":"http:\/\/www.casariche.es\/index.php?rest_route=\/wp\/v2\/posts\/30931\/revisions"}],"predecessor-version":[{"id":30937,"href":"http:\/\/www.casariche.es\/index.php?rest_route=\/wp\/v2\/posts\/30931\/revisions\/30937"}],"wp:featuredmedia":[{"embeddable":true,"href":"http:\/\/www.casariche.es\/index.php?rest_route=\/wp\/v2\/media\/30935"}],"wp:attachment":[{"href":"http:\/\/www.casariche.es\/index.php?rest_route=%2Fwp%2Fv2%2Fmedia&parent=30931"}],"wp:term":[{"taxonomy":"category","embeddable":true,"href":"http:\/\/www.casariche.es\/index.php?rest_route=%2Fwp%2Fv2%2Fcategories&post=30931"},{"taxonomy":"post_tag","embeddable":true,"href":"http:\/\/www.casariche.es\/index.php?rest_route=%2Fwp%2Fv2%2Ftags&post=30931"}],"curies":[{"name":"wp","href":"https:\/\/api.w.org\/{rel}","templated":true}]}}