{"id":30919,"date":"2020-03-27T12:37:40","date_gmt":"2020-03-27T11:37:40","guid":{"rendered":"http:\/\/www.casariche.es\/?p=30919"},"modified":"2020-03-27T12:38:18","modified_gmt":"2020-03-27T11:38:18","slug":"la-noche-del-sabado-28-al-domingo-29-de-marzo-tenemos-que-adelantar-los-relojes-a-las-02-00-h-de-la-madrugada-para-que-marquen-las-03-00-h","status":"publish","type":"post","link":"http:\/\/www.casariche.es\/?p=30919","title":{"rendered":"La noche del s\u00e1bado 28 al domingo 29 de Marzo tenemos que adelantar los relojes a las 02.00 h de la madrugada para que marquen las 03.00 h"},"content":{"rendered":"<p style=\"text-align: justify;\">Os recordamos que este fin de semana, <strong>la noche del s\u00e1bado 28 al domingo 29 de Marzo 2020 toca el cambio de hora, con el que entraremos en el horario de verano, a las 02.00 de la madrugada para que marque las 03.00<\/strong>.\u00a0 Aunque este\u00a0a\u00f1o, debido al confinamiento decretado en el Estado de Alarma, el cambio horario nos pillar\u00e1 en casa, es importante recordarlo para no olvidarnos de hacerlo, aunque tambi\u00e9n es cierto que cada vez son menos los relojes que debemos modificar, ya que este cambio horario est\u00e1 ya implementado en ordenadores, m\u00f3viles, tablets y otros dispositivos.<\/p>\n<p style=\"text-align: justify;\">La modificaci\u00f3n horaria de primavera se aplica en todos los pa\u00edses de la Uni\u00f3n Europea (UE), con la intenci\u00f3n de ajustar la jornada laboral a las horas de luz natural. Por ello, a partir del domingo amanecer\u00e1 y anochecer\u00e1 m\u00e1s tarde, hasta oto\u00f1o.<\/p>\n<p style=\"text-align: justify;\">\u00a1No lo olvides, la noche del s\u00e1bado 28 al domingo 29 de marzo tenemos que adelantar los relojes a las 02.00 horas de la madrugada para que marquen las 03.00 horas!<\/p>\n<p><img loading=\"lazy\" decoding=\"async\" class=\"aligncenter wp-image-30923 size-full\" src=\"http:\/\/www.casariche.es\/wp-content\/uploads\/2020\/03\/cambio-horaverano.png\" alt=\"\" width=\"480\" height=\"260\" srcset=\"http:\/\/www.casariche.es\/wp-content\/uploads\/2020\/03\/cambio-horaverano.png 480w, http:\/\/www.casariche.es\/wp-content\/uploads\/2020\/03\/cambio-horaverano-300x163.png 300w\" sizes=\"auto, (max-width: 480px) 100vw, 480px\" \/><\/p>\n","protected":false},"excerpt":{"rendered":"<p>Os recordamos que este fin de semana, la noche del s\u00e1bado 28 al domingo 29 de Marzo 2020 toca el cambio de hora, con el<\/p>\n","protected":false},"author":2,"featured_media":30923,"comment_status":"closed","ping_status":"closed","sticky":false,"template":"","format":"standard","meta":{"footnotes":""},"categories":[1],"tags":[2130,753,1420,720,2921,40],"class_list":["post-30919","post","type-post","status-publish","format-standard","has-post-thumbnail","hentry","category-sin-categoria","tag-adelantar","tag-cambio","tag-hora","tag-horario","tag-relojes","tag-verano"],"_links":{"self":[{"href":"http:\/\/www.casariche.es\/index.php?rest_route=\/wp\/v2\/posts\/30919","targetHints":{"allow":["GET"]}}],"collection":[{"href":"http:\/\/www.casariche.es\/index.php?rest_route=\/wp\/v2\/posts"}],"about":[{"href":"http:\/\/www.casariche.es\/index.php?rest_route=\/wp\/v2\/types\/post"}],"author":[{"embeddable":true,"href":"http:\/\/www.casariche.es\/index.php?rest_route=\/wp\/v2\/users\/2"}],"replies":[{"embeddable":true,"href":"http:\/\/www.casariche.es\/index.php?rest_route=%2Fwp%2Fv2%2Fcomments&post=30919"}],"version-history":[{"count":4,"href":"http:\/\/www.casariche.es\/index.php?rest_route=\/wp\/v2\/posts\/30919\/revisions"}],"predecessor-version":[{"id":30926,"href":"http:\/\/www.casariche.es\/index.php?rest_route=\/wp\/v2\/posts\/30919\/revisions\/30926"}],"wp:featuredmedia":[{"embeddable":true,"href":"http:\/\/www.casariche.es\/index.php?rest_route=\/wp\/v2\/media\/30923"}],"wp:attachment":[{"href":"http:\/\/www.casariche.es\/index.php?rest_route=%2Fwp%2Fv2%2Fmedia&parent=30919"}],"wp:term":[{"taxonomy":"category","embeddable":true,"href":"http:\/\/www.casariche.es\/index.php?rest_route=%2Fwp%2Fv2%2Fcategories&post=30919"},{"taxonomy":"post_tag","embeddable":true,"href":"http:\/\/www.casariche.es\/index.php?rest_route=%2Fwp%2Fv2%2Ftags&post=30919"}],"curies":[{"name":"wp","href":"https:\/\/api.w.org\/{rel}","templated":true}]}}