{"id":30750,"date":"2020-03-20T10:42:55","date_gmt":"2020-03-20T09:42:55","guid":{"rendered":"http:\/\/www.casariche.es\/?p=30750"},"modified":"2020-03-20T10:42:55","modified_gmt":"2020-03-20T09:42:55","slug":"impartido-en-el-instituto-el-taller-sobre-acoso-escolar-por-homofobia-y-transfobia","status":"publish","type":"post","link":"http:\/\/www.casariche.es\/?p=30750","title":{"rendered":"Impartido en el instituto el Taller sobre Acoso Escolar por Homofobia y Transfobia"},"content":{"rendered":"<p style=\"text-align: justify;\">El jueves 12 de Marzo (en horario de 10:30 a 11:30 h y de 13:00 a 14:00 h) se imparti\u00f3 al alumnado de 2\u00ba de ESO del IES Atalaya el taller denominado \u201cTengo que Decirte Algo\u2026 Bullying Homof\u00f3bico y Transf\u00f3bico en Centros Educativos\u201d, que abord\u00f3 la prevenci\u00f3n del acoso escolar por homofobia y transfobia, fue conducido por Flor Mart\u00ednez, Diplomada en Relaciones Laborales, Experta en Coaching Ejecutivo y de Organizaciones y Experta en Igualdad.<\/p>\n<p style=\"text-align: justify;\">Durante el mismo, se aclararon conceptos b\u00e1sicos, como por ejemplo, bullying como fen\u00f3meno grupal, rol del agresor\/ora, rol de la v\u00edctima, caracter\u00edsticas de la v\u00edctima, causa del acoso (falta de empat\u00eda), empat\u00eda, aspectos positivos y negativos, logros y metas en el S. XXI, ejemplos de personas a lo largo de la historia hasta la actualidad.<\/p>\n<p style=\"text-align: justify;\">Ha sido una actividad ofertada y subvencionada por la Diputaci\u00f3n de Sevilla (\u00c1rea de Cohesi\u00f3n Social e Igualdad), perteneciente a su Campa\u00f1a en Pro de la Igualdad de Oportunidades (Campa\u00f1a de Sensibilizaci\u00f3n D\u00eda Internacional de la Mujer) 2020. Se ha organizado desde el Ayuntamiento de Casariche (\u00c1rea de Igualdad), con la colaboraci\u00f3n y participaci\u00f3n del IES Atalaya y est\u00e1 integrada en la programaci\u00f3n de actividades desarrolladas por nuestro Ayuntamiento e Instituto en sus Campa\u00f1as de Sensibilizaci\u00f3n \u00abD\u00eda Internacional de la Mujer\u00bb 2020.<\/p>\n<div id='gallery-1' class='gallery galleryid-30750 gallery-columns-1 gallery-size-full'><figure class='gallery-item'>\n\t\t\t<div class='gallery-icon landscape'>\n\t\t\t\t<a href='http:\/\/www.casariche.es\/?attachment_id=30752'><img loading=\"lazy\" decoding=\"async\" width=\"480\" height=\"360\" src=\"http:\/\/www.casariche.es\/wp-content\/uploads\/2020\/03\/tbullying1.jpg\" class=\"attachment-full size-full\" alt=\"\" srcset=\"http:\/\/www.casariche.es\/wp-content\/uploads\/2020\/03\/tbullying1.jpg 480w, http:\/\/www.casariche.es\/wp-content\/uploads\/2020\/03\/tbullying1-300x225.jpg 300w\" sizes=\"auto, (max-width: 480px) 100vw, 480px\" \/><\/a>\n\t\t\t<\/div><\/figure><figure class='gallery-item'>\n\t\t\t<div class='gallery-icon landscape'>\n\t\t\t\t<a href='http:\/\/www.casariche.es\/?attachment_id=30753'><img loading=\"lazy\" decoding=\"async\" width=\"480\" height=\"360\" src=\"http:\/\/www.casariche.es\/wp-content\/uploads\/2020\/03\/tbullying2.jpg\" class=\"attachment-full size-full\" alt=\"\" srcset=\"http:\/\/www.casariche.es\/wp-content\/uploads\/2020\/03\/tbullying2.jpg 480w, http:\/\/www.casariche.es\/wp-content\/uploads\/2020\/03\/tbullying2-300x225.jpg 300w\" sizes=\"auto, (max-width: 480px) 100vw, 480px\" \/><\/a>\n\t\t\t<\/div><\/figure>\n\t\t<\/div>\n\n","protected":false},"excerpt":{"rendered":"<p>El jueves 12 de Marzo (en horario de 10:30 a 11:30 h y de 13:00 a 14:00 h) se imparti\u00f3 al alumnado de 2\u00ba de<\/p>\n","protected":false},"author":2,"featured_media":30753,"comment_status":"closed","ping_status":"closed","sticky":false,"template":"","format":"standard","meta":{"footnotes":""},"categories":[9,1,6],"tags":[842,2543,2894,35,107,2895,843,301,62,2896],"class_list":["post-30750","post","type-post","status-publish","format-standard","has-post-thumbnail","hentry","category-educacion","category-sin-categoria","category-bienestar-social","tag-842","tag-acoso","tag-bullying","tag-campana","tag-escolar","tag-homofobico","tag-marzo","tag-mujer","tag-taller","tag-transfobico"],"_links":{"self":[{"href":"http:\/\/www.casariche.es\/index.php?rest_route=\/wp\/v2\/posts\/30750","targetHints":{"allow":["GET"]}}],"collection":[{"href":"http:\/\/www.casariche.es\/index.php?rest_route=\/wp\/v2\/posts"}],"about":[{"href":"http:\/\/www.casariche.es\/index.php?rest_route=\/wp\/v2\/types\/post"}],"author":[{"embeddable":true,"href":"http:\/\/www.casariche.es\/index.php?rest_route=\/wp\/v2\/users\/2"}],"replies":[{"embeddable":true,"href":"http:\/\/www.casariche.es\/index.php?rest_route=%2Fwp%2Fv2%2Fcomments&post=30750"}],"version-history":[{"count":2,"href":"http:\/\/www.casariche.es\/index.php?rest_route=\/wp\/v2\/posts\/30750\/revisions"}],"predecessor-version":[{"id":30754,"href":"http:\/\/www.casariche.es\/index.php?rest_route=\/wp\/v2\/posts\/30750\/revisions\/30754"}],"wp:featuredmedia":[{"embeddable":true,"href":"http:\/\/www.casariche.es\/index.php?rest_route=\/wp\/v2\/media\/30753"}],"wp:attachment":[{"href":"http:\/\/www.casariche.es\/index.php?rest_route=%2Fwp%2Fv2%2Fmedia&parent=30750"}],"wp:term":[{"taxonomy":"category","embeddable":true,"href":"http:\/\/www.casariche.es\/index.php?rest_route=%2Fwp%2Fv2%2Fcategories&post=30750"},{"taxonomy":"post_tag","embeddable":true,"href":"http:\/\/www.casariche.es\/index.php?rest_route=%2Fwp%2Fv2%2Ftags&post=30750"}],"curies":[{"name":"wp","href":"https:\/\/api.w.org\/{rel}","templated":true}]}}