{"id":25037,"date":"2019-03-08T12:30:51","date_gmt":"2019-03-08T10:30:51","guid":{"rendered":"http:\/\/www.casariche.es\/?p=25037"},"modified":"2019-03-11T12:39:39","modified_gmt":"2019-03-11T10:39:39","slug":"este-sabado-9-de-marzo-hay-un-taller-de-mosaicos-en-nuestra-coleccion-museografica","status":"publish","type":"post","link":"http:\/\/www.casariche.es\/?p=25037","title":{"rendered":"Este s\u00e1bado 9 de Marzo hay un Taller de Mosaicos en nuestra Colecci\u00f3n Museogr\u00e1fica"},"content":{"rendered":"\n<p>La Colecci\u00f3n Museogr\u00e1fica del Mosaico Romano de Casariche ha abierto ya el plazo de inscripci\u00f3n en el Taller Infantil de este mes, \u00abCrea tu mosaico\u00bb, que se realizar\u00e1 el s\u00e1bado 9 de Marzo, en dos horarios diferentes (10:00 &#8211; 12:00 h y 12:00 &#8211; 14:00 h)<\/p>\n\n\n\n<p>Dada su proximidad al D\u00eda Internacional de la Mujer, la tem\u00e1tica del mosaico que se crear\u00e1 en este taller estar\u00e1 relacionada con la mujer. Os recordamos que es muy importante que los ni\u00f1os y ni\u00f1as asistan con baby o ropa que se pueda manchar. <\/p>\n\n\n\n<p>M\u00e1s informaci\u00f3n e inscripciones en la Colecci\u00f3n Museogr\u00e1fica o en sus redes sociales.<\/p>\n\n\n\n<figure class=\"wp-block-image\"><img decoding=\"async\" src=\"https:\/\/scontent.fmad3-5.fna.fbcdn.net\/v\/t1.0-9\/53297017_2264489950541540_7660830730905190400_n.png?_nc_cat=104&amp;_nc_ht=scontent.fmad3-5.fna&amp;oh=7774ea05d4dd508816c7317a3acec886&amp;oe=5D1B829B\" alt=\"La imagen puede contener: texto\"\/><\/figure>\n","protected":false},"excerpt":{"rendered":"<p>La Colecci\u00f3n Museogr\u00e1fica del Mosaico Romano de Casariche ha abierto ya el plazo de inscripci\u00f3n en el Taller Infantil de este mes, \u00abCrea tu mosaico\u00bb,<\/p>\n","protected":false},"author":2,"featured_media":25038,"comment_status":"closed","ping_status":"closed","sticky":false,"template":"","format":"standard","meta":{"footnotes":""},"categories":[7,1,6],"tags":[846,62],"class_list":["post-25037","post","type-post","status-publish","format-standard","has-post-thumbnail","hentry","category-cultura","category-sin-categoria","category-bienestar-social","tag-coleccion","tag-taller"],"_links":{"self":[{"href":"http:\/\/www.casariche.es\/index.php?rest_route=\/wp\/v2\/posts\/25037","targetHints":{"allow":["GET"]}}],"collection":[{"href":"http:\/\/www.casariche.es\/index.php?rest_route=\/wp\/v2\/posts"}],"about":[{"href":"http:\/\/www.casariche.es\/index.php?rest_route=\/wp\/v2\/types\/post"}],"author":[{"embeddable":true,"href":"http:\/\/www.casariche.es\/index.php?rest_route=\/wp\/v2\/users\/2"}],"replies":[{"embeddable":true,"href":"http:\/\/www.casariche.es\/index.php?rest_route=%2Fwp%2Fv2%2Fcomments&post=25037"}],"version-history":[{"count":1,"href":"http:\/\/www.casariche.es\/index.php?rest_route=\/wp\/v2\/posts\/25037\/revisions"}],"predecessor-version":[{"id":25039,"href":"http:\/\/www.casariche.es\/index.php?rest_route=\/wp\/v2\/posts\/25037\/revisions\/25039"}],"wp:featuredmedia":[{"embeddable":true,"href":"http:\/\/www.casariche.es\/index.php?rest_route=\/wp\/v2\/media\/25038"}],"wp:attachment":[{"href":"http:\/\/www.casariche.es\/index.php?rest_route=%2Fwp%2Fv2%2Fmedia&parent=25037"}],"wp:term":[{"taxonomy":"category","embeddable":true,"href":"http:\/\/www.casariche.es\/index.php?rest_route=%2Fwp%2Fv2%2Fcategories&post=25037"},{"taxonomy":"post_tag","embeddable":true,"href":"http:\/\/www.casariche.es\/index.php?rest_route=%2Fwp%2Fv2%2Ftags&post=25037"}],"curies":[{"name":"wp","href":"https:\/\/api.w.org\/{rel}","templated":true}]}}