{"id":25028,"date":"2019-03-08T12:12:50","date_gmt":"2019-03-08T10:12:50","guid":{"rendered":"http:\/\/www.casariche.es\/?p=25028"},"modified":"2019-03-11T12:18:09","modified_gmt":"2019-03-11T10:18:09","slug":"esta-tarde-se-celebra-el-acto-conmemorativo-del-dia-internacional-de-la-mujer","status":"publish","type":"post","link":"http:\/\/www.casariche.es\/?p=25028","title":{"rendered":"Esta tarde se celebra el  acto conmemorativo  del \u00abD\u00eda Internacional de la Mujer\u00bb"},"content":{"rendered":"\n<p>Hoy viernes 8 de Marzo se conmemora el D\u00eda Internacional de la Mujer y, esta tarde, a partir de las cinco, se celebra en el Teatro Municipal el acto central de la Campa\u00f1a Institucional 8M 2019 puesta en marcha por el Ayuntamiento de Casariche, que contempla actividades de concienciaci\u00f3n y sensibilizaci\u00f3n durante todo el mes de Marzo.<\/p>\n\n\n\n<p>El acto de esta tarde arrancar\u00e1 con la lectura del manifiesto y continuar\u00e1 con la Charla \u00abInfluencias del G\u00e9nero en la Gesti\u00f3n Emocional y Estr\u00e9s\u00bb, a cargo de Asisttel Formaci\u00f3n. Despu\u00e9s, la Compa\u00f1\u00eda La Cornisa pondr\u00e1 en escena la obra \u00abItalicae Nostri\u00bb y se clausurar\u00e1 con una merienda de convivencia.<\/p>\n\n\n\n<p><br>Entre otras actividades, recordamos que ma\u00f1ana s\u00e1bado 9 de Marzo se llevar\u00e1 a cabo la Jornada de Convivencia de Mujeres, con almuerzo y visita a nuestra Colecci\u00f3n Museogr\u00e1fica del Mosaico Romano y el s\u00e1bado 16 de Marzo se realizar\u00e1 un viaje cultural a Granada,  para disfrutar de la ruta Mujeres en la Vida y Obra de Garc\u00eda Lorca.<\/p>\n\n\n\n<p><a href=\"https:\/\/drive.google.com\/open?id=1yPqTe0mg7Okm1SoVq--0uq8IT6dl5fzJ\">CONSULTAR PROGRAMACION CAMPA\u00d1A DIA INTERNACIONAL MUJER 2019<\/a><\/p>\n\n\n\n<div class=\"wp-block-image\"><figure class=\"aligncenter\"><img loading=\"lazy\" decoding=\"async\" width=\"480\" height=\"260\" src=\"http:\/\/www.casariche.es\/wp-content\/uploads\/2019\/02\/mujer8m.jpg\" alt=\"\" class=\"wp-image-24894\" srcset=\"http:\/\/www.casariche.es\/wp-content\/uploads\/2019\/02\/mujer8m.jpg 480w, http:\/\/www.casariche.es\/wp-content\/uploads\/2019\/02\/mujer8m-300x163.jpg 300w\" sizes=\"auto, (max-width: 480px) 100vw, 480px\" \/><\/figure><\/div>\n","protected":false},"excerpt":{"rendered":"<p>Hoy viernes 8 de Marzo se conmemora el D\u00eda Internacional de la Mujer y, esta tarde, a partir de las cinco, se celebra en el<\/p>\n","protected":false},"author":2,"featured_media":24894,"comment_status":"closed","ping_status":"closed","sticky":false,"template":"","format":"standard","meta":{"footnotes":""},"categories":[1,6],"tags":[301],"class_list":["post-25028","post","type-post","status-publish","format-standard","has-post-thumbnail","hentry","category-sin-categoria","category-bienestar-social","tag-mujer"],"_links":{"self":[{"href":"http:\/\/www.casariche.es\/index.php?rest_route=\/wp\/v2\/posts\/25028","targetHints":{"allow":["GET"]}}],"collection":[{"href":"http:\/\/www.casariche.es\/index.php?rest_route=\/wp\/v2\/posts"}],"about":[{"href":"http:\/\/www.casariche.es\/index.php?rest_route=\/wp\/v2\/types\/post"}],"author":[{"embeddable":true,"href":"http:\/\/www.casariche.es\/index.php?rest_route=\/wp\/v2\/users\/2"}],"replies":[{"embeddable":true,"href":"http:\/\/www.casariche.es\/index.php?rest_route=%2Fwp%2Fv2%2Fcomments&post=25028"}],"version-history":[{"count":4,"href":"http:\/\/www.casariche.es\/index.php?rest_route=\/wp\/v2\/posts\/25028\/revisions"}],"predecessor-version":[{"id":25033,"href":"http:\/\/www.casariche.es\/index.php?rest_route=\/wp\/v2\/posts\/25028\/revisions\/25033"}],"wp:featuredmedia":[{"embeddable":true,"href":"http:\/\/www.casariche.es\/index.php?rest_route=\/wp\/v2\/media\/24894"}],"wp:attachment":[{"href":"http:\/\/www.casariche.es\/index.php?rest_route=%2Fwp%2Fv2%2Fmedia&parent=25028"}],"wp:term":[{"taxonomy":"category","embeddable":true,"href":"http:\/\/www.casariche.es\/index.php?rest_route=%2Fwp%2Fv2%2Fcategories&post=25028"},{"taxonomy":"post_tag","embeddable":true,"href":"http:\/\/www.casariche.es\/index.php?rest_route=%2Fwp%2Fv2%2Ftags&post=25028"}],"curies":[{"name":"wp","href":"https:\/\/api.w.org\/{rel}","templated":true}]}}