{"id":22799,"date":"2018-10-19T17:27:22","date_gmt":"2018-10-19T15:27:22","guid":{"rendered":"http:\/\/www.casariche.es\/?p=22799"},"modified":"2018-10-19T17:27:22","modified_gmt":"2018-10-19T15:27:22","slug":"casariche-celebra-manana-20-de-octubre-la-v-marcha-contra-el-cancer-de-mama","status":"publish","type":"post","link":"http:\/\/www.casariche.es\/?p=22799","title":{"rendered":"Casariche celebra ma\u00f1ana 20 de Octubre la V Marcha contra el C\u00e1ncer de Mama"},"content":{"rendered":"<p style=\"text-align: justify;\">Hoy 19 de Octubre se celebra el D\u00eda Mundial del C\u00e1ncer de Mama. Falta s\u00f3lo un d\u00eda para la V Marcha contra el C\u00e1ncer de\u00a0 Mama, organizada\u00a0\u00a0por\u00a0 la Junta Local de la AECC Casariche.<\/p>\n<p style=\"text-align: justify;\">Debido a la previsi\u00f3n de lluvias, la Junta Local informa de algunos\u00a0cambios respecto a lo previsto:<\/p>\n<p style=\"text-align: justify;\">\u00abLas actividades infantiles se desarrollar\u00e1n en la Pe\u00f1a B\u00e9tica (lugar d\u00f3nde se han estado vendiendo las camisetas): l@s ni\u00f1@s\u00a0\u00a0decorar\u00e1n una pancarta dise\u00f1o de Daniel Dalopo, adem\u00e1s de realizar otras actividades pensadas para ell@s; \u00e9stas ser\u00e1n en horario de 15:00h. a 17:00h\u00bb.<\/p>\n<p style=\"text-align: justify;\">\u00abLa marcha saldr\u00e1 de la Plaza del Ayuntamiento a\u00a0las 17:00 h, y dependiendo del tiempo, se alargar\u00e1 m\u00e1s o menos, terminando en el Pabell\u00f3n del CEIP Lope de Vega, donde se proceder\u00e1 a la lectura del manifiesto\u00a0y posterior sorteo de los regalos donados por las empresas colaboradoras\u00bb.<\/p>\n<p style=\"text-align: justify;\"><strong>En Casariche, ma\u00f1ana s\u00e1bado 20 de Octubre, todos marchamos contra el C\u00e1ncer. <\/strong><\/p>\n<p style=\"text-align: justify;\"><strong>\u00a1Os esperamos!.<\/strong><\/p>\n<p><img loading=\"lazy\" decoding=\"async\" class=\"aligncenter\" src=\"https:\/\/scontent.fmad3-6.fna.fbcdn.net\/v\/t1.0-9\/43103833_1055296591307872_3599579543515430912_n.jpg?_nc_cat=109&amp;oh=adde8143433473b41bfb5b008dc8720a&amp;oe=5C4D5C75\" alt=\"La imagen puede contener: texto\" width=\"482\" height=\"683\" \/><\/p>\n","protected":false},"excerpt":{"rendered":"<p>Hoy 19 de Octubre se celebra el D\u00eda Mundial del C\u00e1ncer de Mama. Falta s\u00f3lo un d\u00eda para la V Marcha contra el C\u00e1ncer de\u00a0<\/p>\n","protected":false},"author":2,"featured_media":22712,"comment_status":"closed","ping_status":"closed","sticky":false,"template":"","format":"standard","meta":{"footnotes":""},"categories":[1,6],"tags":[256,737,253],"class_list":["post-22799","post","type-post","status-publish","format-standard","has-post-thumbnail","hentry","category-sin-categoria","category-bienestar-social","tag-cancer","tag-mama","tag-marcha"],"_links":{"self":[{"href":"http:\/\/www.casariche.es\/index.php?rest_route=\/wp\/v2\/posts\/22799","targetHints":{"allow":["GET"]}}],"collection":[{"href":"http:\/\/www.casariche.es\/index.php?rest_route=\/wp\/v2\/posts"}],"about":[{"href":"http:\/\/www.casariche.es\/index.php?rest_route=\/wp\/v2\/types\/post"}],"author":[{"embeddable":true,"href":"http:\/\/www.casariche.es\/index.php?rest_route=\/wp\/v2\/users\/2"}],"replies":[{"embeddable":true,"href":"http:\/\/www.casariche.es\/index.php?rest_route=%2Fwp%2Fv2%2Fcomments&post=22799"}],"version-history":[{"count":1,"href":"http:\/\/www.casariche.es\/index.php?rest_route=\/wp\/v2\/posts\/22799\/revisions"}],"predecessor-version":[{"id":22800,"href":"http:\/\/www.casariche.es\/index.php?rest_route=\/wp\/v2\/posts\/22799\/revisions\/22800"}],"wp:featuredmedia":[{"embeddable":true,"href":"http:\/\/www.casariche.es\/index.php?rest_route=\/wp\/v2\/media\/22712"}],"wp:attachment":[{"href":"http:\/\/www.casariche.es\/index.php?rest_route=%2Fwp%2Fv2%2Fmedia&parent=22799"}],"wp:term":[{"taxonomy":"category","embeddable":true,"href":"http:\/\/www.casariche.es\/index.php?rest_route=%2Fwp%2Fv2%2Fcategories&post=22799"},{"taxonomy":"post_tag","embeddable":true,"href":"http:\/\/www.casariche.es\/index.php?rest_route=%2Fwp%2Fv2%2Ftags&post=22799"}],"curies":[{"name":"wp","href":"https:\/\/api.w.org\/{rel}","templated":true}]}}