{"id":2196,"date":"2013-02-20T13:29:34","date_gmt":"2013-02-20T10:59:34","guid":{"rendered":"http:\/\/www.casariche.es\/?p=2196"},"modified":"2013-02-20T13:29:34","modified_gmt":"2013-02-20T10:59:34","slug":"nuestro-centro-de-dia-de-mayores-participo-en-el-vi-certamen-de-bailes-de-salon-para-personas-mayores-de-sevilla","status":"publish","type":"post","link":"http:\/\/www.casariche.es\/?p=2196","title":{"rendered":"Nuestro Centro de D\u00eda de Mayores particip\u00f3 en el VI Certamen de Bailes de Sal\u00f3n para personas mayores de Sevilla"},"content":{"rendered":"<p>Catorce casariche\u00f1os, socios del Centro de D\u00eda de Mayores de nuestro municipio, han participado en el VI Certamen de Bailes de Sal\u00f3n de los Centros de Participaci\u00f3n Activa para Personas Mayores de Sevilla, organizado por la Delegaci\u00f3n Territorial de Salud y Bienestar Social de Sevilla.<\/p>\n<p>En la presente edici\u00f3n han tomado parte 29 de Centros de los 31 que dependen de esta Delegaci\u00f3n. El Certamen se celebr\u00f3 en el Teatro Oriente de Mor\u00f3n de la Frontera, los d\u00edas 13 y 14 de Febrero.<\/p>\n<p>Seg\u00fan To\u00f1i Gonz\u00e1lez, Directora del Centro de D\u00eda de Casariche, \u201clas 7 parejas participantes son a su vez componentes del Taller de Baile de Sal\u00f3n que se imparte en el Centro y que dirige la monitora Estrella Castro. Para la ocasi\u00f3n, bailaron a la perfecci\u00f3n un cha-cha-ch\u00e1 y una cumbia perfectamente engalanados\u201d.<\/p>\n<p><a href=\"http:\/\/www.casariche.es\/wp-content\/uploads\/2013\/02\/baile-cd1.jpg\"><img loading=\"lazy\" decoding=\"async\" class=\"alignleft size-full wp-image-2198\" title=\"OLYMPUS DIGITAL CAMERA\" src=\"http:\/\/www.casariche.es\/wp-content\/uploads\/2013\/02\/baile-cd1.jpg\" alt=\"\" width=\"480\" height=\"260\" srcset=\"http:\/\/www.casariche.es\/wp-content\/uploads\/2013\/02\/baile-cd1.jpg 480w, http:\/\/www.casariche.es\/wp-content\/uploads\/2013\/02\/baile-cd1-300x162.jpg 300w\" sizes=\"auto, (max-width: 480px) 100vw, 480px\" \/><\/a><\/p>\n","protected":false},"excerpt":{"rendered":"<p>Catorce casariche\u00f1os, socios del Centro de D\u00eda de Mayores de nuestro municipio, han participado en el VI Certamen de Bailes de Sal\u00f3n de los Centros<\/p>\n","protected":false},"author":2,"featured_media":2197,"comment_status":"closed","ping_status":"open","sticky":false,"template":"","format":"standard","meta":{"footnotes":""},"categories":[1,6],"tags":[428,82,427,269,27,429],"class_list":["post-2196","post","type-post","status-publish","format-standard","has-post-thumbnail","hentry","category-sin-categoria","category-bienestar-social","tag-baile","tag-centro","tag-certamen","tag-dia","tag-mayores","tag-salon"],"_links":{"self":[{"href":"http:\/\/www.casariche.es\/index.php?rest_route=\/wp\/v2\/posts\/2196","targetHints":{"allow":["GET"]}}],"collection":[{"href":"http:\/\/www.casariche.es\/index.php?rest_route=\/wp\/v2\/posts"}],"about":[{"href":"http:\/\/www.casariche.es\/index.php?rest_route=\/wp\/v2\/types\/post"}],"author":[{"embeddable":true,"href":"http:\/\/www.casariche.es\/index.php?rest_route=\/wp\/v2\/users\/2"}],"replies":[{"embeddable":true,"href":"http:\/\/www.casariche.es\/index.php?rest_route=%2Fwp%2Fv2%2Fcomments&post=2196"}],"version-history":[{"count":1,"href":"http:\/\/www.casariche.es\/index.php?rest_route=\/wp\/v2\/posts\/2196\/revisions"}],"predecessor-version":[{"id":2199,"href":"http:\/\/www.casariche.es\/index.php?rest_route=\/wp\/v2\/posts\/2196\/revisions\/2199"}],"wp:featuredmedia":[{"embeddable":true,"href":"http:\/\/www.casariche.es\/index.php?rest_route=\/wp\/v2\/media\/2197"}],"wp:attachment":[{"href":"http:\/\/www.casariche.es\/index.php?rest_route=%2Fwp%2Fv2%2Fmedia&parent=2196"}],"wp:term":[{"taxonomy":"category","embeddable":true,"href":"http:\/\/www.casariche.es\/index.php?rest_route=%2Fwp%2Fv2%2Fcategories&post=2196"},{"taxonomy":"post_tag","embeddable":true,"href":"http:\/\/www.casariche.es\/index.php?rest_route=%2Fwp%2Fv2%2Ftags&post=2196"}],"curies":[{"name":"wp","href":"https:\/\/api.w.org\/{rel}","templated":true}]}}