{"id":2183,"date":"2013-02-18T12:21:05","date_gmt":"2013-02-18T09:51:05","guid":{"rendered":"http:\/\/www.casariche.es\/?p=2183"},"modified":"2013-02-18T12:21:05","modified_gmt":"2013-02-18T09:51:05","slug":"medalla-de-oro-para-belen-en-el-campeonato-de-andalucia-sub-21-de-taekwondo","status":"publish","type":"post","link":"http:\/\/www.casariche.es\/?p=2183","title":{"rendered":"Medalla de oro para Bel\u00e9n en el Campeonato de Andaluc\u00eda Sub-21 de Taekwondo"},"content":{"rendered":"<p>Bel\u00e9n Gonz\u00e1lez Rengel se ha proclamado oro en su categor\u00eda (sub-21, menos de 49 kg) en el Campeonato de Andaluc\u00eda Sub-21 Masculino y Femenino de Taekwondo, celebrado en Palos de La Frontera (Huelva) el s\u00e1bado 16 de Febrero y que es a su vez clasificatorio para el Campeonato de Espa\u00f1a, que se celebra el d\u00eda 2 de marzo en Alicante, y en el que Bel\u00e9n tiene ya asegurada su participaci\u00f3n.<\/p>\n<p>Nuestra atleta, del Club de Taekwondo de Casariche y entrenada por Antonio Gir\u00e1ldez, disput\u00f3 la final contra una taekwondoca sevillana, venciendo el combate holgadamente por 14 a 2. Seg\u00fan su entrenador, \u201cBel\u00e9n sigue con una trayectoria inmejorable, ya que ha sido oro en las tres categor\u00edas a las que se ha presentado: junior, cadete y, ahora, tambi\u00e9n en sub-21\u201d.<\/p>\n<p>Esta campeonato, en el que han tomado parte un centenar de competidores, ha sido organizado por la Federaci\u00f3n Andaluza de Taekwondo en colaboraci\u00f3n con el Ayuntamiento de Palos de la Frontera (Huelva) y se ha desarrollado de manera ininterrumpida desde las 10\u201900 h. hasta cerca de las 15\u201900 h. en el Polideportivo Municipal de esta localidad onubense.<\/p>\n<p><a href=\"http:\/\/www.casariche.es\/wp-content\/uploads\/2013\/02\/belen-sub211.jpg\"><img loading=\"lazy\" decoding=\"async\" class=\"alignleft size-full wp-image-2185\" title=\"belen-sub21\" src=\"http:\/\/www.casariche.es\/wp-content\/uploads\/2013\/02\/belen-sub211.jpg\" alt=\"\" width=\"480\" height=\"260\" srcset=\"http:\/\/www.casariche.es\/wp-content\/uploads\/2013\/02\/belen-sub211.jpg 480w, http:\/\/www.casariche.es\/wp-content\/uploads\/2013\/02\/belen-sub211-300x162.jpg 300w\" sizes=\"auto, (max-width: 480px) 100vw, 480px\" \/><\/a><\/p>\n","protected":false},"excerpt":{"rendered":"<p>Bel\u00e9n Gonz\u00e1lez Rengel se ha proclamado oro en su categor\u00eda (sub-21, menos de 49 kg) en el Campeonato de Andaluc\u00eda Sub-21 Masculino y Femenino de<\/p>\n","protected":false},"author":2,"featured_media":2184,"comment_status":"closed","ping_status":"open","sticky":false,"template":"","format":"standard","meta":{"footnotes":""},"categories":[8,1],"tags":[413,211,426,155],"class_list":["post-2183","post","type-post","status-publish","format-standard","has-post-thumbnail","hentry","category-deportes","category-sin-categoria","tag-andalucia","tag-campeonato","tag-sub-21","tag-taekwondo"],"_links":{"self":[{"href":"http:\/\/www.casariche.es\/index.php?rest_route=\/wp\/v2\/posts\/2183","targetHints":{"allow":["GET"]}}],"collection":[{"href":"http:\/\/www.casariche.es\/index.php?rest_route=\/wp\/v2\/posts"}],"about":[{"href":"http:\/\/www.casariche.es\/index.php?rest_route=\/wp\/v2\/types\/post"}],"author":[{"embeddable":true,"href":"http:\/\/www.casariche.es\/index.php?rest_route=\/wp\/v2\/users\/2"}],"replies":[{"embeddable":true,"href":"http:\/\/www.casariche.es\/index.php?rest_route=%2Fwp%2Fv2%2Fcomments&post=2183"}],"version-history":[{"count":2,"href":"http:\/\/www.casariche.es\/index.php?rest_route=\/wp\/v2\/posts\/2183\/revisions"}],"predecessor-version":[{"id":2187,"href":"http:\/\/www.casariche.es\/index.php?rest_route=\/wp\/v2\/posts\/2183\/revisions\/2187"}],"wp:featuredmedia":[{"embeddable":true,"href":"http:\/\/www.casariche.es\/index.php?rest_route=\/wp\/v2\/media\/2184"}],"wp:attachment":[{"href":"http:\/\/www.casariche.es\/index.php?rest_route=%2Fwp%2Fv2%2Fmedia&parent=2183"}],"wp:term":[{"taxonomy":"category","embeddable":true,"href":"http:\/\/www.casariche.es\/index.php?rest_route=%2Fwp%2Fv2%2Fcategories&post=2183"},{"taxonomy":"post_tag","embeddable":true,"href":"http:\/\/www.casariche.es\/index.php?rest_route=%2Fwp%2Fv2%2Ftags&post=2183"}],"curies":[{"name":"wp","href":"https:\/\/api.w.org\/{rel}","templated":true}]}}