{"id":18599,"date":"2017-10-06T13:00:33","date_gmt":"2017-10-06T11:00:33","guid":{"rendered":"http:\/\/www.casariche.es\/?p=18599"},"modified":"2017-10-06T19:06:59","modified_gmt":"2017-10-06T17:06:59","slug":"la-obra-la-pili-y-la-mari-carmen-abrira-el-otono-cultural-casaricheno","status":"publish","type":"post","link":"http:\/\/www.casariche.es\/?p=18599","title":{"rendered":"La obra \u00bb La Pili y la Mari Carmen\u00bb abrir\u00e1 el Oto\u00f1o Cultural casariche\u00f1o"},"content":{"rendered":"<p style=\"text-align: justify;\"><strong>\u00bb La Pili y la Mari Carmen\u00bb, a cargo de la compa\u00f1\u00eda FedeRatas Producciones, abrir\u00e1 el Oto\u00f1o Cultural casariche\u00f1o este s\u00e1bado 7 de Octubre, a partir de las ocho de la tarde en nuestro Teatro Municipal.<\/strong><\/p>\n<p style=\"text-align: justify;\">Esta obra tiene como protagonistas a dos amigas desde la ni\u00f1ez, Pili y Mari Carmen, que se ganan la vida haciendo promociones. Su ciclo vital consiste en escoger una\u00a0promoci\u00f3n entre las ofertadas por la empresa de trabajo\u00a0temporal, trabajar en ella durante un breve periodo y\u00a0finalmente ser despedidas. En esta ocasi\u00f3n, ambas se enfrentan\u00a0a la responsabilidad de deleitar desde la piel de la Cenicienta\u00a0a peque\u00f1os y mayores con sabrosos caramelitos.<\/p>\n<p style=\"text-align: justify;\">Con \u00abLa Pili y la Mari Carmen\u00bb, el entretenimiento est\u00e1 servido \u00bfTe la vas a perder?. Y recuerda que, en Casariche, el oto\u00f1o viene cargado de propuestas culturales.<\/p>\n<p><a href=\"http:\/\/www.casariche.es\/wp-content\/uploads\/2017\/09\/CARTEL-OTO\u00d1O-CULTURAL-2017.pdf\">CONSULTAR PROGRAMACI\u00d3N OTO\u00d1O CULTURAL 2017<\/a><\/p>\n<p style=\"text-align: justify;\"><img loading=\"lazy\" decoding=\"async\" class=\"aligncenter\" src=\"https:\/\/scontent.fmad3-6.fna.fbcdn.net\/v\/t1.0-9\/22089874_1315005338609528_5016993007814973317_n.jpg?oh=84f7195d02b5b82774f987ef269f599f&amp;oe=5A7E7510\" alt=\"La imagen puede contener: sombrero y texto\" width=\"480\" height=\"679\" \/><\/p>\n<p><img loading=\"lazy\" decoding=\"async\" class=\"aligncenter\" src=\"https:\/\/scontent.fmad3-6.fna.fbcdn.net\/v\/t1.0-9\/22141096_1315005411942854_6895789010449653775_n.jpg?oh=9deca619cbd1fcfa6b6fd27646087f1d&amp;oe=5A86CB5B\" alt=\"La imagen puede contener: texto\" width=\"480\" height=\"678\" \/><\/p>\n","protected":false},"excerpt":{"rendered":"<p>\u00bb La Pili y la Mari Carmen\u00bb, a cargo de la compa\u00f1\u00eda FedeRatas Producciones, abrir\u00e1 el Oto\u00f1o Cultural casariche\u00f1o este s\u00e1bado 7 de Octubre, a<\/p>\n","protected":false},"author":2,"featured_media":18600,"comment_status":"closed","ping_status":"closed","sticky":false,"template":"","format":"standard","meta":{"footnotes":""},"categories":[7,1],"tags":[64,1973,1975,1231,1974],"class_list":["post-18599","post","type-post","status-publish","format-standard","has-post-thumbnail","hentry","category-cultura","category-sin-categoria","tag-cultural","tag-federatas","tag-mari-carmen","tag-otono","tag-pili"],"_links":{"self":[{"href":"http:\/\/www.casariche.es\/index.php?rest_route=\/wp\/v2\/posts\/18599","targetHints":{"allow":["GET"]}}],"collection":[{"href":"http:\/\/www.casariche.es\/index.php?rest_route=\/wp\/v2\/posts"}],"about":[{"href":"http:\/\/www.casariche.es\/index.php?rest_route=\/wp\/v2\/types\/post"}],"author":[{"embeddable":true,"href":"http:\/\/www.casariche.es\/index.php?rest_route=\/wp\/v2\/users\/2"}],"replies":[{"embeddable":true,"href":"http:\/\/www.casariche.es\/index.php?rest_route=%2Fwp%2Fv2%2Fcomments&post=18599"}],"version-history":[{"count":11,"href":"http:\/\/www.casariche.es\/index.php?rest_route=\/wp\/v2\/posts\/18599\/revisions"}],"predecessor-version":[{"id":18639,"href":"http:\/\/www.casariche.es\/index.php?rest_route=\/wp\/v2\/posts\/18599\/revisions\/18639"}],"wp:featuredmedia":[{"embeddable":true,"href":"http:\/\/www.casariche.es\/index.php?rest_route=\/wp\/v2\/media\/18600"}],"wp:attachment":[{"href":"http:\/\/www.casariche.es\/index.php?rest_route=%2Fwp%2Fv2%2Fmedia&parent=18599"}],"wp:term":[{"taxonomy":"category","embeddable":true,"href":"http:\/\/www.casariche.es\/index.php?rest_route=%2Fwp%2Fv2%2Fcategories&post=18599"},{"taxonomy":"post_tag","embeddable":true,"href":"http:\/\/www.casariche.es\/index.php?rest_route=%2Fwp%2Fv2%2Ftags&post=18599"}],"curies":[{"name":"wp","href":"https:\/\/api.w.org\/{rel}","templated":true}]}}