{"id":15470,"date":"2017-02-13T13:39:38","date_gmt":"2017-02-13T11:09:38","guid":{"rendered":"http:\/\/www.casariche.es\/?p=15470"},"modified":"2017-02-13T13:39:38","modified_gmt":"2017-02-13T11:09:38","slug":"la-exposicion-alma-de-olivar-ya-puede-visitarse-en-nuestro-municipio","status":"publish","type":"post","link":"http:\/\/www.casariche.es\/?p=15470","title":{"rendered":"La exposici\u00f3n \u00abAlma de Olivar\u00bb ya puede visitarse en nuestro municipio"},"content":{"rendered":"<p style=\"text-align: justify;\">El viernes 10 de Febrero, a las 19:00 horas, se procedi\u00f3 a la inauguraci\u00f3n oficial de la exposici\u00f3n \u00abAlma de Olivar\u00bb en la Colecci\u00f3n Museogr\u00e1fica del Mosaico Romano \u00abJos\u00e9 Herrera Rodas\u00bb de nuestro municipio, que corri\u00f3 a cargo de Mois\u00e9s Caballero, Secretario de la Denominaci\u00f3n de Origen Estepa, y Basilio Carri\u00f3n, Alcalde de nuestro municipio.<\/p>\n<p style=\"text-align: justify;\">Durante su intervenci\u00f3n, Mois\u00e9s Caballero, destac\u00f3 que\u00a0\u00abcon esta muestra multidisciplinar el Consejo Regulador de la D.O.P. Estepa pretende promover el valor del arte mediante un trabajo colectivo que implica a artistas de la comarca, poniendo especial \u00e9nfasis en potenciar el talento de los j\u00f3venes valores del territorio, del mismo modo que se pone en valor nuestro\u00a0aceite de oliva virgen extra y la cultura olivarera que existe en nuestro territorio\u00bb. En la misma l\u00ednea, nuestro Alcalde, alab\u00f3 \u00abel enorme talento de los j\u00f3venes creadores que tenemos en esta\u00a0zona, destacando con orgullo que dos de ellos son los artistas casariche\u00f1os Beatriz Berm\u00fadez y Daniel L\u00f3pez (Dalopo). \u00a0Asimismo, hizo hincapi\u00e9 en que esta exposici\u00f3n sirve para inaugurar la temporada 2017 de Exposiciones Temporales en nuestra Colecci\u00f3n, siendo, por tanto, la primera de las muchas que este a\u00f1o vamos a poder disfrutar\u00bb.<\/p>\n<p style=\"text-align: justify;\">Al acto asistieron tambi\u00e9n la Concejala y el T\u00e9cnico de Cultura del Ayuntamiento de Casariche, algunos de los artistas participantes en la muestra, as\u00ed como una nutrida representaci\u00f3n de diferentes colectivos y asociaciones locales.<\/p>\n<p style=\"text-align: justify;\">Cabe recordar que dicha exposici\u00f3n est\u00e1 organizada por el Consejo Regulador de la Denominaci\u00f3n de Origen Estepa, del Aceite de Oliva Virgen Extra de esta zona geogr\u00e1fica, con la colaboraci\u00f3n de la Diputaci\u00f3n Provincial de Sevilla, la entidad Caja Rural, el Ayuntamiento de Casariche y la Colecci\u00f3n Museogr\u00e1fica del Mosaico Romano.<\/p>\n<p style=\"text-align: justify;\">Se trata de una exposici\u00f3n cultural que pretende promover el valor del arte mediante un trabajo colectivo que implica a artistas de las comarcas de Estepa y Puente Genil. La muestra re\u00fane obras pict\u00f3ricas, fotograf\u00edas, esculturas y moda, de los siguientes artistas:\u00a0L\u00edbera \u00c1ngel (pintura), Isa Cejas (dibujo), Fran Ram\u00edrez (dibujo), Ver\u00f3nica Tejada (pintura), Eusebio Rico (escultura), Balbina Arias (moda), Merche Ch\u00eda (collage), Beatriz Berm\u00fadez (mixta), Daniel Dalopo (pintura), Maricruz Reina (pintura), Quino Castro (fotograf\u00eda), Alfrado Sicilia (fotograf\u00eda), Joserra Ramos (pintura).<\/p>\n<p style=\"text-align: justify;\"><strong>Dicha exposici\u00f3n podr\u00e1 visitarse en la Colecci\u00f3n Museogr\u00e1fica de Casariche, sita en Avda. de la Libertad, 74 \u2013 76, hasta el 28.02.2017, en los siguientes horarios:<\/strong><\/p>\n<ul>\n<li><strong>De martes\u00a0a domingo: De 10:00 a 14:00 horas (Ma\u00f1anas)<\/strong><\/li>\n<li><strong>De martes a s\u00e1bado: De 17:00 a 19:00 horas ( Tardes)<\/strong><\/li>\n<\/ul>\n<p>\u00a1No dejes de visitarla!<\/p>\n<p><img loading=\"lazy\" decoding=\"async\" class=\"aligncenter size-full wp-image-15476\" src=\"http:\/\/www.casariche.es\/wp-content\/uploads\/2017\/02\/olivar6.jpg\" alt=\"\" width=\"480\" height=\"323\" srcset=\"http:\/\/www.casariche.es\/wp-content\/uploads\/2017\/02\/olivar6.jpg 480w, http:\/\/www.casariche.es\/wp-content\/uploads\/2017\/02\/olivar6-300x202.jpg 300w\" sizes=\"auto, (max-width: 480px) 100vw, 480px\" \/><\/p>\n<p><img loading=\"lazy\" decoding=\"async\" class=\"aligncenter size-full wp-image-15477\" src=\"http:\/\/www.casariche.es\/wp-content\/uploads\/2017\/02\/olivar5.jpg\" alt=\"\" width=\"480\" height=\"269\" srcset=\"http:\/\/www.casariche.es\/wp-content\/uploads\/2017\/02\/olivar5.jpg 480w, http:\/\/www.casariche.es\/wp-content\/uploads\/2017\/02\/olivar5-300x168.jpg 300w\" sizes=\"auto, (max-width: 480px) 100vw, 480px\" \/><\/p>\n<p><img loading=\"lazy\" decoding=\"async\" class=\"aligncenter size-full wp-image-15478\" src=\"http:\/\/www.casariche.es\/wp-content\/uploads\/2017\/02\/olivar4.jpg\" alt=\"\" width=\"480\" height=\"269\" srcset=\"http:\/\/www.casariche.es\/wp-content\/uploads\/2017\/02\/olivar4.jpg 480w, http:\/\/www.casariche.es\/wp-content\/uploads\/2017\/02\/olivar4-300x168.jpg 300w\" sizes=\"auto, (max-width: 480px) 100vw, 480px\" \/><\/p>\n<p><img loading=\"lazy\" decoding=\"async\" class=\"aligncenter size-full wp-image-15479\" src=\"http:\/\/www.casariche.es\/wp-content\/uploads\/2017\/02\/olivar3.jpg\" alt=\"\" width=\"480\" height=\"360\" srcset=\"http:\/\/www.casariche.es\/wp-content\/uploads\/2017\/02\/olivar3.jpg 480w, http:\/\/www.casariche.es\/wp-content\/uploads\/2017\/02\/olivar3-300x225.jpg 300w\" sizes=\"auto, (max-width: 480px) 100vw, 480px\" \/><\/p>\n<p><img loading=\"lazy\" decoding=\"async\" class=\"aligncenter size-full wp-image-15480\" src=\"http:\/\/www.casariche.es\/wp-content\/uploads\/2017\/02\/olivar2.jpg\" alt=\"\" width=\"360\" height=\"480\" srcset=\"http:\/\/www.casariche.es\/wp-content\/uploads\/2017\/02\/olivar2.jpg 360w, http:\/\/www.casariche.es\/wp-content\/uploads\/2017\/02\/olivar2-225x300.jpg 225w\" sizes=\"auto, (max-width: 360px) 100vw, 360px\" \/><\/p>\n<p><img loading=\"lazy\" decoding=\"async\" class=\"aligncenter size-full wp-image-15481\" src=\"http:\/\/www.casariche.es\/wp-content\/uploads\/2017\/02\/olivar1.jpg\" alt=\"\" width=\"360\" height=\"480\" srcset=\"http:\/\/www.casariche.es\/wp-content\/uploads\/2017\/02\/olivar1.jpg 360w, http:\/\/www.casariche.es\/wp-content\/uploads\/2017\/02\/olivar1-225x300.jpg 225w\" sizes=\"auto, (max-width: 360px) 100vw, 360px\" \/><\/p>\n<p>&nbsp;<\/p>\n<p>&nbsp;<\/p>\n","protected":false},"excerpt":{"rendered":"<p>El viernes 10 de Febrero, a las 19:00 horas, se procedi\u00f3 a la inauguraci\u00f3n oficial de la exposici\u00f3n \u00abAlma de Olivar\u00bb en la Colecci\u00f3n Museogr\u00e1fica<\/p>\n","protected":false},"author":2,"featured_media":15482,"comment_status":"closed","ping_status":"closed","sticky":false,"template":"","format":"standard","meta":{"footnotes":""},"categories":[7,1],"tags":[367,1535,1709,289,1528,1710],"class_list":["post-15470","post","type-post","status-publish","format-standard","has-post-thumbnail","hentry","category-cultura","category-sin-categoria","tag-aceite","tag-alma","tag-artistas","tag-exposicion","tag-olivar","tag-territorio"],"_links":{"self":[{"href":"http:\/\/www.casariche.es\/index.php?rest_route=\/wp\/v2\/posts\/15470","targetHints":{"allow":["GET"]}}],"collection":[{"href":"http:\/\/www.casariche.es\/index.php?rest_route=\/wp\/v2\/posts"}],"about":[{"href":"http:\/\/www.casariche.es\/index.php?rest_route=\/wp\/v2\/types\/post"}],"author":[{"embeddable":true,"href":"http:\/\/www.casariche.es\/index.php?rest_route=\/wp\/v2\/users\/2"}],"replies":[{"embeddable":true,"href":"http:\/\/www.casariche.es\/index.php?rest_route=%2Fwp%2Fv2%2Fcomments&post=15470"}],"version-history":[{"count":6,"href":"http:\/\/www.casariche.es\/index.php?rest_route=\/wp\/v2\/posts\/15470\/revisions"}],"predecessor-version":[{"id":15484,"href":"http:\/\/www.casariche.es\/index.php?rest_route=\/wp\/v2\/posts\/15470\/revisions\/15484"}],"wp:featuredmedia":[{"embeddable":true,"href":"http:\/\/www.casariche.es\/index.php?rest_route=\/wp\/v2\/media\/15482"}],"wp:attachment":[{"href":"http:\/\/www.casariche.es\/index.php?rest_route=%2Fwp%2Fv2%2Fmedia&parent=15470"}],"wp:term":[{"taxonomy":"category","embeddable":true,"href":"http:\/\/www.casariche.es\/index.php?rest_route=%2Fwp%2Fv2%2Fcategories&post=15470"},{"taxonomy":"post_tag","embeddable":true,"href":"http:\/\/www.casariche.es\/index.php?rest_route=%2Fwp%2Fv2%2Ftags&post=15470"}],"curies":[{"name":"wp","href":"https:\/\/api.w.org\/{rel}","templated":true}]}}