{"id":12756,"date":"2016-03-21T14:45:43","date_gmt":"2016-03-21T12:15:43","guid":{"rendered":"http:\/\/www.casariche.es\/?p=12756"},"modified":"2016-03-21T15:20:57","modified_gmt":"2016-03-21T12:50:57","slug":"el-miercoles-santo-se-celebra-la-semana-santa-infantil","status":"publish","type":"post","link":"http:\/\/www.casariche.es\/?p=12756","title":{"rendered":"El Mi\u00e9rcoles Santo se celebra la Semana Santa Infantil"},"content":{"rendered":"<p style=\"text-align: justify;\">El <strong>Mi\u00e9rcoles Santo, d\u00eda 23 de Marzo, a las 11 de la ma\u00f1ana,<\/strong> los m\u00e1s peque\u00f1os de nuestro pueblo (el alumnado de la Escuela Infantil Municipal (Guarder\u00eda) celebran su <strong>Semana Santa Infantil.<\/strong><\/p>\n<p style=\"text-align: justify;\">Esta actividad est\u00e1 organizada por la Guarder\u00eda de nuestro municipio y cuenta con la colaboraci\u00f3n del Ayuntamiento de Casariche.<\/p>\n<p style=\"text-align: justify;\">\u00a1NO TE LA PIERDAS!<\/p>\n<p style=\"text-align: justify;\"><a href=\"http:\/\/www.casariche.es\/wp-content\/uploads\/2016\/03\/SEMANA-SANTA-INFANTIL-2016.pdf\" rel=\"\">Ver Cartel<\/a><\/p>\n<p style=\"text-align: justify;\"><img loading=\"lazy\" decoding=\"async\" class=\"aligncenter size-full wp-image-9933\" src=\"http:\/\/www.casariche.es\/wp-content\/uploads\/2015\/04\/inf06.jpg\" alt=\"inf06\" width=\"480\" height=\"360\" srcset=\"http:\/\/www.casariche.es\/wp-content\/uploads\/2015\/04\/inf06.jpg 480w, http:\/\/www.casariche.es\/wp-content\/uploads\/2015\/04\/inf06-300x225.jpg 300w\" sizes=\"auto, (max-width: 480px) 100vw, 480px\" \/><\/p>\n<p style=\"text-align: justify;\">\n","protected":false},"excerpt":{"rendered":"<p>El Mi\u00e9rcoles Santo, d\u00eda 23 de Marzo, a las 11 de la ma\u00f1ana, los m\u00e1s peque\u00f1os de nuestro pueblo (el alumnado de la Escuela Infantil<\/p>\n","protected":false},"author":2,"featured_media":9933,"comment_status":"closed","ping_status":"closed","sticky":false,"template":"","format":"standard","meta":{"footnotes":""},"categories":[1],"tags":[341,628,499,63],"class_list":["post-12756","post","type-post","status-publish","format-standard","has-post-thumbnail","hentry","category-sin-categoria","tag-guarderia","tag-infantil","tag-santa","tag-semana"],"_links":{"self":[{"href":"http:\/\/www.casariche.es\/index.php?rest_route=\/wp\/v2\/posts\/12756","targetHints":{"allow":["GET"]}}],"collection":[{"href":"http:\/\/www.casariche.es\/index.php?rest_route=\/wp\/v2\/posts"}],"about":[{"href":"http:\/\/www.casariche.es\/index.php?rest_route=\/wp\/v2\/types\/post"}],"author":[{"embeddable":true,"href":"http:\/\/www.casariche.es\/index.php?rest_route=\/wp\/v2\/users\/2"}],"replies":[{"embeddable":true,"href":"http:\/\/www.casariche.es\/index.php?rest_route=%2Fwp%2Fv2%2Fcomments&post=12756"}],"version-history":[{"count":3,"href":"http:\/\/www.casariche.es\/index.php?rest_route=\/wp\/v2\/posts\/12756\/revisions"}],"predecessor-version":[{"id":12760,"href":"http:\/\/www.casariche.es\/index.php?rest_route=\/wp\/v2\/posts\/12756\/revisions\/12760"}],"wp:featuredmedia":[{"embeddable":true,"href":"http:\/\/www.casariche.es\/index.php?rest_route=\/wp\/v2\/media\/9933"}],"wp:attachment":[{"href":"http:\/\/www.casariche.es\/index.php?rest_route=%2Fwp%2Fv2%2Fmedia&parent=12756"}],"wp:term":[{"taxonomy":"category","embeddable":true,"href":"http:\/\/www.casariche.es\/index.php?rest_route=%2Fwp%2Fv2%2Fcategories&post=12756"},{"taxonomy":"post_tag","embeddable":true,"href":"http:\/\/www.casariche.es\/index.php?rest_route=%2Fwp%2Fv2%2Ftags&post=12756"}],"curies":[{"name":"wp","href":"https:\/\/api.w.org\/{rel}","templated":true}]}}