{"id":12382,"date":"2016-02-10T08:05:49","date_gmt":"2016-02-10T05:35:49","guid":{"rendered":"http:\/\/www.casariche.es\/?p=12382"},"modified":"2016-02-10T14:03:01","modified_gmt":"2016-02-10T11:33:01","slug":"aprovecha-las-ultimas-plazas-para-participar-en-el-curso-de-arteterapia","status":"publish","type":"post","link":"http:\/\/www.casariche.es\/?p=12382","title":{"rendered":"Aprovecha las \u00faltimas plazas para participar en el Curso de Arteterapia"},"content":{"rendered":"<p style=\"text-align: justify;\">Las plazas para participar en el Curso de Arteterapia que dar\u00e1 comienzo el lunes 15 de Febrero est\u00e1n a punto de agotarse. Todav\u00eda est\u00e1s a tiempo de unirte a este apasionante viaje, esta gran oportunidad de navegar por la persona ARTISTA que todos llevamos dentro sin excepci\u00f3n.<\/p>\n<p style=\"text-align: justify;\">\u00bfSabes cu\u00e1ntos beneficios recibes con la ARTETERAPIA?:<\/p>\n<ul>\n<li style=\"text-align: justify;\">Expresar sentimientos dif\u00edciles de hablar<\/li>\n<li style=\"text-align: justify;\">Incrementar el autoestima y la confianza<\/li>\n<li style=\"text-align: justify;\">Desarrollar habilidades saludables<\/li>\n<li style=\"text-align: justify;\">Identificar los sentimientos y bloqueos de expresiones emocionales y de crecimiento<\/li>\n<li style=\"text-align: justify;\">Es un medio de expresi\u00f3n a trav\u00e9s del ARTE conectando con el SER ARTISTA que todos llevamos dentro.<\/li>\n<\/ul>\n<p style=\"text-align: justify;\">Ser\u00e1 un curso de 48 horas que se realizar\u00e1 los lunes de 16:00 a 19:30 horas en la Casa de la Juventud y la cuota de participaci\u00f3n en el mismo es de 10 Euros\/persona.<\/p>\n<p style=\"text-align: justify;\">\u00a1\u00a1\u00a1Corre ya a apuntarte a la Casa de la Juventud!!!<\/p>\n<p style=\"text-align: justify;\"><img loading=\"lazy\" decoding=\"async\" class=\"aligncenter size-full wp-image-11854\" src=\"http:\/\/www.casariche.es\/wp-content\/uploads\/2015\/12\/arte.jpg\" alt=\"arte\" width=\"480\" height=\"260\" srcset=\"http:\/\/www.casariche.es\/wp-content\/uploads\/2015\/12\/arte.jpg 480w, http:\/\/www.casariche.es\/wp-content\/uploads\/2015\/12\/arte-300x163.jpg 300w\" sizes=\"auto, (max-width: 480px) 100vw, 480px\" \/><\/p>\n<p style=\"text-align: justify;\">\n","protected":false},"excerpt":{"rendered":"<p>Las plazas para participar en el Curso de Arteterapia que dar\u00e1 comienzo el lunes 15 de Febrero est\u00e1n a punto de agotarse. Todav\u00eda est\u00e1s a<\/p>\n","protected":false},"author":2,"featured_media":11854,"comment_status":"closed","ping_status":"closed","sticky":false,"template":"","format":"standard","meta":{"footnotes":""},"categories":[7,9,1,6],"tags":[1299,1340],"class_list":["post-12382","post","type-post","status-publish","format-standard","has-post-thumbnail","hentry","category-cultura","category-educacion","category-sin-categoria","category-bienestar-social","tag-arteterapia","tag-cuso"],"_links":{"self":[{"href":"http:\/\/www.casariche.es\/index.php?rest_route=\/wp\/v2\/posts\/12382","targetHints":{"allow":["GET"]}}],"collection":[{"href":"http:\/\/www.casariche.es\/index.php?rest_route=\/wp\/v2\/posts"}],"about":[{"href":"http:\/\/www.casariche.es\/index.php?rest_route=\/wp\/v2\/types\/post"}],"author":[{"embeddable":true,"href":"http:\/\/www.casariche.es\/index.php?rest_route=\/wp\/v2\/users\/2"}],"replies":[{"embeddable":true,"href":"http:\/\/www.casariche.es\/index.php?rest_route=%2Fwp%2Fv2%2Fcomments&post=12382"}],"version-history":[{"count":1,"href":"http:\/\/www.casariche.es\/index.php?rest_route=\/wp\/v2\/posts\/12382\/revisions"}],"predecessor-version":[{"id":12383,"href":"http:\/\/www.casariche.es\/index.php?rest_route=\/wp\/v2\/posts\/12382\/revisions\/12383"}],"wp:featuredmedia":[{"embeddable":true,"href":"http:\/\/www.casariche.es\/index.php?rest_route=\/wp\/v2\/media\/11854"}],"wp:attachment":[{"href":"http:\/\/www.casariche.es\/index.php?rest_route=%2Fwp%2Fv2%2Fmedia&parent=12382"}],"wp:term":[{"taxonomy":"category","embeddable":true,"href":"http:\/\/www.casariche.es\/index.php?rest_route=%2Fwp%2Fv2%2Fcategories&post=12382"},{"taxonomy":"post_tag","embeddable":true,"href":"http:\/\/www.casariche.es\/index.php?rest_route=%2Fwp%2Fv2%2Ftags&post=12382"}],"curies":[{"name":"wp","href":"https:\/\/api.w.org\/{rel}","templated":true}]}}