{"id":11983,"date":"2015-12-23T12:07:01","date_gmt":"2015-12-23T09:37:01","guid":{"rendered":"http:\/\/www.casariche.es\/?p=11983"},"modified":"2015-12-23T14:09:18","modified_gmt":"2015-12-23T11:39:18","slug":"no-has-visitado-aun-el-belen-municipal","status":"publish","type":"post","link":"http:\/\/www.casariche.es\/?p=11983","title":{"rendered":"\u00bfNo has visitado a\u00fan el Bel\u00e9n Municipal?"},"content":{"rendered":"<p style=\"text-align: justify;\">Desde el Ayuntamiento de Casariche os animamos, si a\u00fan no lo hab\u00e9is hecho, a visitar nuestro Bel\u00e9n municipal, realizado por el grupo del Taller de Belenismo de Casariche. Se encuentra en la Sala de Exposiciones Temporales de la Colecci\u00f3n Museogr\u00e1fica \u00abJos\u00e9 Herrera Rodas\u00bb de nuestro municipio.<\/p>\n<p style=\"text-align: justify;\">Los horarios de apertura de la Colecci\u00f3n para estas vacaciones son los siguientes:<\/p>\n<ul style=\"text-align: justify;\">\n<li>D\u00edas 24, 26, 31 de Diciembre, 2, 5 y 6 de Enero, de 10.00 a 14.00 horas.<\/li>\n<li>D\u00edas 27 de Diciembre y 3 de Enero, de 10.00 a 15.00 horas.<\/li>\n<li>Los d\u00edas no festivos en su horario normal, quedando cerrado, s\u00f3lo el 25 de Diciembre y el 1 de Enero.<\/li>\n<\/ul>\n<p style=\"text-align: justify;\">\u00a1Os esperamos! \u00a1No hay excusa para no acercarse a verlo!.<\/p>\n<p style=\"text-align: justify;\"><img loading=\"lazy\" decoding=\"async\" class=\"aligncenter size-full wp-image-11999\" src=\"http:\/\/www.casariche.es\/wp-content\/uploads\/2015\/12\/belenm.jpg\" alt=\"belenm\" width=\"480\" height=\"360\" srcset=\"http:\/\/www.casariche.es\/wp-content\/uploads\/2015\/12\/belenm.jpg 480w, http:\/\/www.casariche.es\/wp-content\/uploads\/2015\/12\/belenm-300x225.jpg 300w\" sizes=\"auto, (max-width: 480px) 100vw, 480px\" \/><\/p>\n","protected":false},"excerpt":{"rendered":"<p>Desde el Ayuntamiento de Casariche os animamos, si a\u00fan no lo hab\u00e9is hecho, a visitar nuestro Bel\u00e9n municipal, realizado por el grupo del Taller de<\/p>\n","protected":false},"author":2,"featured_media":11999,"comment_status":"closed","ping_status":"closed","sticky":false,"template":"","format":"standard","meta":{"footnotes":""},"categories":[7,1],"tags":[154,31],"class_list":["post-11983","post","type-post","status-publish","format-standard","has-post-thumbnail","hentry","category-cultura","category-sin-categoria","tag-belen","tag-municipal"],"_links":{"self":[{"href":"http:\/\/www.casariche.es\/index.php?rest_route=\/wp\/v2\/posts\/11983","targetHints":{"allow":["GET"]}}],"collection":[{"href":"http:\/\/www.casariche.es\/index.php?rest_route=\/wp\/v2\/posts"}],"about":[{"href":"http:\/\/www.casariche.es\/index.php?rest_route=\/wp\/v2\/types\/post"}],"author":[{"embeddable":true,"href":"http:\/\/www.casariche.es\/index.php?rest_route=\/wp\/v2\/users\/2"}],"replies":[{"embeddable":true,"href":"http:\/\/www.casariche.es\/index.php?rest_route=%2Fwp%2Fv2%2Fcomments&post=11983"}],"version-history":[{"count":2,"href":"http:\/\/www.casariche.es\/index.php?rest_route=\/wp\/v2\/posts\/11983\/revisions"}],"predecessor-version":[{"id":12000,"href":"http:\/\/www.casariche.es\/index.php?rest_route=\/wp\/v2\/posts\/11983\/revisions\/12000"}],"wp:featuredmedia":[{"embeddable":true,"href":"http:\/\/www.casariche.es\/index.php?rest_route=\/wp\/v2\/media\/11999"}],"wp:attachment":[{"href":"http:\/\/www.casariche.es\/index.php?rest_route=%2Fwp%2Fv2%2Fmedia&parent=11983"}],"wp:term":[{"taxonomy":"category","embeddable":true,"href":"http:\/\/www.casariche.es\/index.php?rest_route=%2Fwp%2Fv2%2Fcategories&post=11983"},{"taxonomy":"post_tag","embeddable":true,"href":"http:\/\/www.casariche.es\/index.php?rest_route=%2Fwp%2Fv2%2Ftags&post=11983"}],"curies":[{"name":"wp","href":"https:\/\/api.w.org\/{rel}","templated":true}]}}