{"id":11934,"date":"2015-12-18T12:39:30","date_gmt":"2015-12-18T10:09:30","guid":{"rendered":"http:\/\/www.casariche.es\/?p=11934"},"modified":"2015-12-18T12:39:30","modified_gmt":"2015-12-18T10:09:30","slug":"el-coro-del-centro-de-dia-de-mayores-ofrece-esta-tarde-un-concierto-de-villancicos","status":"publish","type":"post","link":"http:\/\/www.casariche.es\/?p=11934","title":{"rendered":"El Coro del Centro de D\u00eda de Mayores ofrece esta tarde un Concierto de Villancicos"},"content":{"rendered":"<p style=\"text-align: justify;\">El Coro del Centro de Participaci\u00f3n Activa de Mayores de Casariche ofrecer\u00e1 esta tarde un concierto de villancicos tradicionales al que est\u00e1n invitados tod@s l@s vecin@s de Casariche.<\/p>\n<p style=\"text-align: justify;\">Ser\u00e1 hoy viernes 18 de Diciembre en el Teatro Municipal a partir de las cinco de la tarde y el acto incluir\u00e1 adem\u00e1s alguna que otra sorpresa.<\/p>\n<p style=\"text-align: justify;\"><img loading=\"lazy\" decoding=\"async\" class=\"aligncenter size-full wp-image-7158\" src=\"http:\/\/www.casariche.es\/wp-content\/uploads\/2014\/06\/clausura-talleres-hogar-5.jpg\" alt=\"clausura talleres hogar 5\" width=\"480\" height=\"260\" srcset=\"http:\/\/www.casariche.es\/wp-content\/uploads\/2014\/06\/clausura-talleres-hogar-5.jpg 480w, http:\/\/www.casariche.es\/wp-content\/uploads\/2014\/06\/clausura-talleres-hogar-5-300x162.jpg 300w\" sizes=\"auto, (max-width: 480px) 100vw, 480px\" \/><\/p>\n","protected":false},"excerpt":{"rendered":"<p>El Coro del Centro de Participaci\u00f3n Activa de Mayores de Casariche ofrecer\u00e1 esta tarde un concierto de villancicos tradicionales al que est\u00e1n invitados tod@s l@s<\/p>\n","protected":false},"author":2,"featured_media":7158,"comment_status":"closed","ping_status":"closed","sticky":false,"template":"","format":"standard","meta":{"footnotes":""},"categories":[1],"tags":[82,300,27,334],"class_list":["post-11934","post","type-post","status-publish","format-standard","has-post-thumbnail","hentry","category-sin-categoria","tag-centro","tag-coro","tag-mayores","tag-villancicos"],"_links":{"self":[{"href":"http:\/\/www.casariche.es\/index.php?rest_route=\/wp\/v2\/posts\/11934","targetHints":{"allow":["GET"]}}],"collection":[{"href":"http:\/\/www.casariche.es\/index.php?rest_route=\/wp\/v2\/posts"}],"about":[{"href":"http:\/\/www.casariche.es\/index.php?rest_route=\/wp\/v2\/types\/post"}],"author":[{"embeddable":true,"href":"http:\/\/www.casariche.es\/index.php?rest_route=\/wp\/v2\/users\/2"}],"replies":[{"embeddable":true,"href":"http:\/\/www.casariche.es\/index.php?rest_route=%2Fwp%2Fv2%2Fcomments&post=11934"}],"version-history":[{"count":1,"href":"http:\/\/www.casariche.es\/index.php?rest_route=\/wp\/v2\/posts\/11934\/revisions"}],"predecessor-version":[{"id":11935,"href":"http:\/\/www.casariche.es\/index.php?rest_route=\/wp\/v2\/posts\/11934\/revisions\/11935"}],"wp:featuredmedia":[{"embeddable":true,"href":"http:\/\/www.casariche.es\/index.php?rest_route=\/wp\/v2\/media\/7158"}],"wp:attachment":[{"href":"http:\/\/www.casariche.es\/index.php?rest_route=%2Fwp%2Fv2%2Fmedia&parent=11934"}],"wp:term":[{"taxonomy":"category","embeddable":true,"href":"http:\/\/www.casariche.es\/index.php?rest_route=%2Fwp%2Fv2%2Fcategories&post=11934"},{"taxonomy":"post_tag","embeddable":true,"href":"http:\/\/www.casariche.es\/index.php?rest_route=%2Fwp%2Fv2%2Ftags&post=11934"}],"curies":[{"name":"wp","href":"https:\/\/api.w.org\/{rel}","templated":true}]}}