{"id":11903,"date":"2015-12-18T14:36:30","date_gmt":"2015-12-18T12:06:30","guid":{"rendered":"http:\/\/www.casariche.es\/?p=11903"},"modified":"2015-12-21T14:08:45","modified_gmt":"2015-12-21T11:38:45","slug":"el-libro-el-mundo-de-sir-sera-presentado-en-casariche-el-lunes-21-de-diciembre","status":"publish","type":"post","link":"http:\/\/www.casariche.es\/?p=11903","title":{"rendered":"El libro \u00abEl Mundo de Sir\u00bb ser\u00e1 presentado en Casariche el lunes 21 de Diciembre"},"content":{"rendered":"<p style=\"text-align: justify;\">La Biblioteca Municipal \u00abMarcos Ana\u00bb acoger\u00e1 el pr\u00f3ximo lunes 21 de Diciembre a las 17.30 horas \u00a0la presentaci\u00f3n del libro \u00abEl mundo de Sir\u00bb, de Remedios Moreno.<\/p>\n<p style=\"text-align: justify;\">En el acto intervendr\u00e1n Macarena Parrado, Concejala &#8211; Delegada de Cultura y Juventud del Ayuntamiento de Casariche, y la autora de este\u00a0libro de aventuras y de fantas\u00eda. \u00a0Entre otros,\u00a0se contar\u00e1 con la asistencia de los j\u00f3venes participantes en la presente edici\u00f3n del programa de fomento a la lectura El\u00a0Placer de Leer.<\/p>\n<p style=\"text-align: justify;\">\u00a1\u00a1Os esperamos!!<\/p>\n<p><img loading=\"lazy\" decoding=\"async\" class=\"\" src=\"https:\/\/scontent-mad1-1.xx.fbcdn.net\/hphotos-xft1\/t31.0-8\/s960x960\/12370882_802665209843546_2807863629216946207_o.jpg\" alt=\"\" width=\"480\" height=\"681\" \/><\/p>\n","protected":false},"excerpt":{"rendered":"<p>La Biblioteca Municipal \u00abMarcos Ana\u00bb acoger\u00e1 el pr\u00f3ximo lunes 21 de Diciembre a las 17.30 horas \u00a0la presentaci\u00f3n del libro \u00abEl mundo de Sir\u00bb, de<\/p>\n","protected":false},"author":2,"featured_media":11905,"comment_status":"closed","ping_status":"closed","sticky":false,"template":"","format":"standard","meta":{"footnotes":""},"categories":[7,1,22],"tags":[706,1309,756,915,1308,1307],"class_list":["post-11903","post","type-post","status-publish","format-standard","has-post-thumbnail","hentry","category-cultura","category-sin-categoria","category-juventud","tag-libro","tag-moreno","tag-mundo","tag-presentacion","tag-remedios","tag-sir"],"_links":{"self":[{"href":"http:\/\/www.casariche.es\/index.php?rest_route=\/wp\/v2\/posts\/11903","targetHints":{"allow":["GET"]}}],"collection":[{"href":"http:\/\/www.casariche.es\/index.php?rest_route=\/wp\/v2\/posts"}],"about":[{"href":"http:\/\/www.casariche.es\/index.php?rest_route=\/wp\/v2\/types\/post"}],"author":[{"embeddable":true,"href":"http:\/\/www.casariche.es\/index.php?rest_route=\/wp\/v2\/users\/2"}],"replies":[{"embeddable":true,"href":"http:\/\/www.casariche.es\/index.php?rest_route=%2Fwp%2Fv2%2Fcomments&post=11903"}],"version-history":[{"count":2,"href":"http:\/\/www.casariche.es\/index.php?rest_route=\/wp\/v2\/posts\/11903\/revisions"}],"predecessor-version":[{"id":11906,"href":"http:\/\/www.casariche.es\/index.php?rest_route=\/wp\/v2\/posts\/11903\/revisions\/11906"}],"wp:featuredmedia":[{"embeddable":true,"href":"http:\/\/www.casariche.es\/index.php?rest_route=\/wp\/v2\/media\/11905"}],"wp:attachment":[{"href":"http:\/\/www.casariche.es\/index.php?rest_route=%2Fwp%2Fv2%2Fmedia&parent=11903"}],"wp:term":[{"taxonomy":"category","embeddable":true,"href":"http:\/\/www.casariche.es\/index.php?rest_route=%2Fwp%2Fv2%2Fcategories&post=11903"},{"taxonomy":"post_tag","embeddable":true,"href":"http:\/\/www.casariche.es\/index.php?rest_route=%2Fwp%2Fv2%2Ftags&post=11903"}],"curies":[{"name":"wp","href":"https:\/\/api.w.org\/{rel}","templated":true}]}}