{"id":11380,"date":"2015-10-23T10:52:01","date_gmt":"2015-10-23T08:22:01","guid":{"rendered":"http:\/\/www.casariche.es\/?p=11380"},"modified":"2015-10-23T10:56:43","modified_gmt":"2015-10-23T08:26:43","slug":"participa-en-la-feria-provincial-de-mujeres-empresarias-2015","status":"publish","type":"post","link":"http:\/\/www.casariche.es\/?p=11380","title":{"rendered":"\u00a1Participa en la Feria Provincial de Mujeres Empresarias 2015!"},"content":{"rendered":"<p style=\"text-align: justify;\">Un a\u00f1o m\u00e1s, desde el \u00c1rea de Igualdad y Desarrollo Local del Ayuntamiento de Casariche, se anima a las empresarias de nuestro municipio a participar en la <strong>X Feria Provincial de Empresarias (FEPME 2015),<\/strong> organizada por el \u00c1rea de Igualdad y Cohesi\u00f3n social de Diputaci\u00f3n de Sevilla. Una feria cuyo objetivo es visualizar y poner en valor la actividad empresarial desarrollada por las mujeres de la provincia, favoreciendo la interacci\u00f3n, cooperaci\u00f3n y participaci\u00f3n entre empresarias.<\/p>\n<p style=\"text-align: justify;\">Con esta Feria Empresarial, la Diputaci\u00f3n de Sevilla pretende crear espacios, lugares y encuentros de experiencias en los que se pueda difundir el papel que representa la mujer en el sector empresarial en nuestra provincia. Es a su vez el marco id\u00f3neo para la orientaci\u00f3n e informaci\u00f3n directa de futuras emprendedoras.<\/p>\n<p style=\"text-align: justify;\">La\u00a0Feria contar\u00e1 con diferentes espacios: zona de expositores (stand de exposici\u00f3n o de venta al p\u00fablico), espacios libres, sala de conferencias, sala de reuniones de negocio, puntos de informaci\u00f3n y servicio de cafeter\u00eda y bar. Esta d\u00e9cima edici\u00f3n se celebrar\u00e1 los <strong>d\u00edas\u00a020, 21 y 22 de Noviembre de 2015, en el\u00a0PATIO DE LA DIPUTACI\u00d3N DE SEVILLA<\/strong>, sito en\u00a0C\/ Avda. Men\u00e9ndez y Pelayo n\u00ba 32 Sevilla.<\/p>\n<p style=\"text-align: justify;\">Los <strong>requisitos para participar con un stand<\/strong> de exposici\u00f3n o venta al p\u00fablico en la Feria son los siguientes:<\/p>\n<ul style=\"text-align: justify;\">\n<li style=\"text-align: justify;\">La empresa o sociedad debe de estar liderada y gestionada por una mujer con el 51% de capital a su cargo.<\/li>\n<li style=\"text-align: justify;\">Tiene que estar dada de alta como aut\u00f3noma.<\/li>\n<li style=\"text-align: justify;\">Desplazamiento y montaje a cargo de la empresaria.<\/li>\n<li style=\"text-align: justify;\">Estar presente con el stand los tres d\u00edas de la feria.<\/li>\n<li style=\"text-align: justify;\">Los gastos del stand corren a cargo de Diputaci\u00f3n de Sevilla.<\/li>\n<li style=\"text-align: justify;\">La selecci\u00f3n de las empresarias participantes en la Feria ser\u00e1 realizada por la Diputaci\u00f3n Provincial de Sevilla.<\/li>\n<\/ul>\n<p style=\"text-align: justify;\">Toda\u00a0interesada en participar, debe dirigirse a:<\/p>\n<ul style=\"text-align: justify;\">\n<li><strong>\u00c1rea de Desarrollo Local:<\/strong> Aroa Carnerero y\/o Raquel Escalera. En horario de 8:00 a 15:00 H de lunes a viernes. Telf.: 95 401 99 11.<\/li>\n<li><strong>Centro de Igualdad:<\/strong> Paqui Giraldez. En horario de 10:00 a 14:00 H, de lunes a viernes. Telf.: 667542896.<\/li>\n<\/ul>\n<p style=\"text-align: justify;\"><strong>El plazo de inscripci\u00f3n estar\u00e1 abierto hasta el 26 de octubre de 2015. <\/strong><\/p>\n<p style=\"text-align: justify;\">\n","protected":false},"excerpt":{"rendered":"<p>Un a\u00f1o m\u00e1s, desde el \u00c1rea de Igualdad y Desarrollo Local del Ayuntamiento de Casariche, se anima a las empresarias de nuestro municipio a participar<\/p>\n","protected":false},"author":2,"featured_media":11382,"comment_status":"closed","ping_status":"closed","sticky":false,"template":"","format":"standard","meta":{"footnotes":""},"categories":[4,9,1,6],"tags":[224,12,197],"class_list":["post-11380","post","type-post","status-publish","format-standard","has-post-thumbnail","hentry","category-desarrollo","category-educacion","category-sin-categoria","category-bienestar-social","tag-empresarias","tag-feria","tag-mujeres"],"_links":{"self":[{"href":"http:\/\/www.casariche.es\/index.php?rest_route=\/wp\/v2\/posts\/11380","targetHints":{"allow":["GET"]}}],"collection":[{"href":"http:\/\/www.casariche.es\/index.php?rest_route=\/wp\/v2\/posts"}],"about":[{"href":"http:\/\/www.casariche.es\/index.php?rest_route=\/wp\/v2\/types\/post"}],"author":[{"embeddable":true,"href":"http:\/\/www.casariche.es\/index.php?rest_route=\/wp\/v2\/users\/2"}],"replies":[{"embeddable":true,"href":"http:\/\/www.casariche.es\/index.php?rest_route=%2Fwp%2Fv2%2Fcomments&post=11380"}],"version-history":[{"count":2,"href":"http:\/\/www.casariche.es\/index.php?rest_route=\/wp\/v2\/posts\/11380\/revisions"}],"predecessor-version":[{"id":11383,"href":"http:\/\/www.casariche.es\/index.php?rest_route=\/wp\/v2\/posts\/11380\/revisions\/11383"}],"wp:featuredmedia":[{"embeddable":true,"href":"http:\/\/www.casariche.es\/index.php?rest_route=\/wp\/v2\/media\/11382"}],"wp:attachment":[{"href":"http:\/\/www.casariche.es\/index.php?rest_route=%2Fwp%2Fv2%2Fmedia&parent=11380"}],"wp:term":[{"taxonomy":"category","embeddable":true,"href":"http:\/\/www.casariche.es\/index.php?rest_route=%2Fwp%2Fv2%2Fcategories&post=11380"},{"taxonomy":"post_tag","embeddable":true,"href":"http:\/\/www.casariche.es\/index.php?rest_route=%2Fwp%2Fv2%2Ftags&post=11380"}],"curies":[{"name":"wp","href":"https:\/\/api.w.org\/{rel}","templated":true}]}}