{"id":11360,"date":"2015-10-23T10:51:47","date_gmt":"2015-10-23T08:21:47","guid":{"rendered":"http:\/\/www.casariche.es\/?p=11360"},"modified":"2015-10-23T10:57:08","modified_gmt":"2015-10-23T08:27:08","slug":"el-domingo-25-sumate-a-la-marcha-solidaria-contra-el-cancer","status":"publish","type":"post","link":"http:\/\/www.casariche.es\/?p=11360","title":{"rendered":"El domingo 25 s\u00famate a la Marcha Solidaria contra el C\u00e1ncer"},"content":{"rendered":"<p style=\"text-align: justify;\">Tras el aplazamiento de la celebraci\u00f3n de la Marcha Solidaria contra el C\u00e1ncer prevista para el pasado s\u00e1bado por unos tristes acontecimientos sucedidos en el municipio y que se cobraron la vida de un joven casariche\u00f1o, la celebraci\u00f3n definitiva del evento tendr\u00e1 lugar el <strong>pr\u00f3ximo domingo 25 de Octubre a las 11:30 horas de la ma\u00f1ana<\/strong>.<\/p>\n<p style=\"text-align: justify;\">Se desarrollar\u00e1 una Marcha Solidaria, que saldr\u00e1 desde la Pl. Alcalde Jos\u00e9 R. Parrado y que transcurrir\u00e1 por diferentes zonas del municipio para concluir nuevamente en la Plaza. Tras esto, habr\u00e1 sorteos de regalos con el n\u00famero de dorsal donados por empresas solidarias.<\/p>\n<p style=\"text-align: justify;\">Os esperamos&#8230; <strong>\u00a1s\u00famate a la marea rosa de Casariche!<\/strong><\/p>\n","protected":false},"excerpt":{"rendered":"<p>Tras el aplazamiento de la celebraci\u00f3n de la Marcha Solidaria contra el C\u00e1ncer prevista para el pasado s\u00e1bado por unos tristes acontecimientos sucedidos en el<\/p>\n","protected":false},"author":1,"featured_media":11361,"comment_status":"closed","ping_status":"closed","sticky":false,"template":"","format":"standard","meta":{"footnotes":""},"categories":[1],"tags":[1241,13,1240,253],"class_list":["post-11360","post","type-post","status-publish","format-standard","has-post-thumbnail","hentry","category-sin-categoria","tag-aecc","tag-casariche","tag-contra-el-cancer","tag-marcha"],"_links":{"self":[{"href":"http:\/\/www.casariche.es\/index.php?rest_route=\/wp\/v2\/posts\/11360","targetHints":{"allow":["GET"]}}],"collection":[{"href":"http:\/\/www.casariche.es\/index.php?rest_route=\/wp\/v2\/posts"}],"about":[{"href":"http:\/\/www.casariche.es\/index.php?rest_route=\/wp\/v2\/types\/post"}],"author":[{"embeddable":true,"href":"http:\/\/www.casariche.es\/index.php?rest_route=\/wp\/v2\/users\/1"}],"replies":[{"embeddable":true,"href":"http:\/\/www.casariche.es\/index.php?rest_route=%2Fwp%2Fv2%2Fcomments&post=11360"}],"version-history":[{"count":5,"href":"http:\/\/www.casariche.es\/index.php?rest_route=\/wp\/v2\/posts\/11360\/revisions"}],"predecessor-version":[{"id":11409,"href":"http:\/\/www.casariche.es\/index.php?rest_route=\/wp\/v2\/posts\/11360\/revisions\/11409"}],"wp:featuredmedia":[{"embeddable":true,"href":"http:\/\/www.casariche.es\/index.php?rest_route=\/wp\/v2\/media\/11361"}],"wp:attachment":[{"href":"http:\/\/www.casariche.es\/index.php?rest_route=%2Fwp%2Fv2%2Fmedia&parent=11360"}],"wp:term":[{"taxonomy":"category","embeddable":true,"href":"http:\/\/www.casariche.es\/index.php?rest_route=%2Fwp%2Fv2%2Fcategories&post=11360"},{"taxonomy":"post_tag","embeddable":true,"href":"http:\/\/www.casariche.es\/index.php?rest_route=%2Fwp%2Fv2%2Ftags&post=11360"}],"curies":[{"name":"wp","href":"https:\/\/api.w.org\/{rel}","templated":true}]}}