{"id":10446,"date":"2015-06-15T11:28:37","date_gmt":"2015-06-15T08:58:37","guid":{"rendered":"http:\/\/www.casariche.es\/?p=10446"},"modified":"2015-06-16T00:27:31","modified_gmt":"2015-06-15T21:57:31","slug":"basilio-carrion-ha-sido-investido-alcalde-de-casariche-para-los-proximos-cuatro-anos","status":"publish","type":"post","link":"http:\/\/www.casariche.es\/?p=10446","title":{"rendered":"Basilio Carri\u00f3n ha sido investido Alcalde de Casariche para los pr\u00f3ximos cuatro a\u00f1os"},"content":{"rendered":"<p style=\"text-align: justify;\">Basilio Carri\u00f3n Gil ha sido investido Alcalde de Casariche para los pr\u00f3ximos cuatro a\u00f1os durante la sesi\u00f3n plenaria de constituci\u00f3n de la nueva Corporaci\u00f3n Municipal y Elecci\u00f3n de Alcalde celebrada el\u00a0s\u00e1bado 13 de junio a las 13:00 h en el Teatro Municipal. De este modo, el partido socialista inicia ahora su segunda legislatura consecutiva y con mayor\u00eda absoluta en nuestro municipio.<\/p>\n<p style=\"text-align: justify;\">De acuerdo a la ley, en primer lugar, se llev\u00f3 a cabo el juramento al cargo de los trece nuevos concejales, que fueron tomando juramento y prometiendo lealtad al cargo de manera individual, para proceder, a continuaci\u00f3n, a la elecci\u00f3n del Alcalde.<\/p>\n<p style=\"text-align: justify;\">El candidato del partido socialista a la Alcald\u00eda de Casariche y hasta ese momento regidor de nuestro municipio, Basilio Carri\u00f3n, obtuvo siete votos, por lo que, al alcanzar la mayor\u00eda absoluta, fue proclamado autom\u00e1ticamente como Alcalde de Casariche.<\/p>\n<p style=\"text-align: justify;\">Durante su discurso de investidura, Carri\u00f3n, adem\u00e1s de agradecer la alt\u00edsima participaci\u00f3n (87,54%) y el apoyo de los casariche\u00f1@s durante las pasadas elecciones del 24 de mayo, se\u00f1al\u00f3 con orgullo como \u00abeste nuevo equipo de gobierno que tengo el honor de presidir, mezcla de juventud y experiencia, tiende la mano, una mano abierta, pero a la vez firme, a toda la corporaci\u00f3n municipal, para trabajar por y para la mejora de nuestro pueblo\u00bb.<\/p>\n<p style=\"text-align: justify;\">Asimismo, destac\u00f3 que \u201cen esta etapa seguiremos desarrollando nuestra manera de hacer pol\u00edtica, desde la honestidad y la sencillez, apostando por el empleo y por la participaci\u00f3n en positivo de todos los vecinos y vecinas de Casariche\u00bb.<\/p>\n<p style=\"text-align: justify;\">A este respecto, concluy\u00f3 con un emotivo recuerdo al socialista Pedro Zerolo, gran luchador por los derechos de la comunidad homosexual en nuestro pa\u00eds y fallecido recientemente de c\u00e1ncer, haciendo alusi\u00f3n a una frase empleada por \u00e9l en 2003 para contestar a Ana Botella cuando \u00e9sta se opuso al matrimonio homosexual, \u00bb En su modelo de sociedad no quepo yo, en el m\u00edo s\u00ed cabe usted\u00bb.<\/p>\n<p style=\"text-align: justify;\"><a href=\"http:\/\/www.casariche.es\/wp-content\/uploads\/2015\/06\/alcalde53.jpg\"><img loading=\"lazy\" decoding=\"async\" class=\"aligncenter size-full wp-image-10449\" src=\"http:\/\/www.casariche.es\/wp-content\/uploads\/2015\/06\/alcalde53.jpg\" alt=\"alcalde53\" width=\"480\" height=\"360\" srcset=\"http:\/\/www.casariche.es\/wp-content\/uploads\/2015\/06\/alcalde53.jpg 480w, http:\/\/www.casariche.es\/wp-content\/uploads\/2015\/06\/alcalde53-300x225.jpg 300w\" sizes=\"auto, (max-width: 480px) 100vw, 480px\" \/><\/a><\/p>\n<p style=\"text-align: justify;\">\n<p style=\"text-align: justify;\"><a href=\"http:\/\/www.casariche.es\/wp-content\/uploads\/2015\/06\/alcalde00.jpg\"><img loading=\"lazy\" decoding=\"async\" class=\"aligncenter  wp-image-10458\" src=\"http:\/\/www.casariche.es\/wp-content\/uploads\/2015\/06\/alcalde00.jpg\" alt=\"alcalde00\" width=\"480\" height=\"360\" srcset=\"http:\/\/www.casariche.es\/wp-content\/uploads\/2015\/06\/alcalde00.jpg 640w, http:\/\/www.casariche.es\/wp-content\/uploads\/2015\/06\/alcalde00-300x225.jpg 300w\" sizes=\"auto, (max-width: 480px) 100vw, 480px\" \/><\/a><\/p>\n<p style=\"text-align: justify;\"><a href=\"http:\/\/www.casariche.es\/wp-content\/uploads\/2015\/06\/alcalde49.jpg\"><img loading=\"lazy\" decoding=\"async\" class=\"aligncenter size-full wp-image-10447\" src=\"http:\/\/www.casariche.es\/wp-content\/uploads\/2015\/06\/alcalde49.jpg\" alt=\"alcalde49\" width=\"480\" height=\"360\" srcset=\"http:\/\/www.casariche.es\/wp-content\/uploads\/2015\/06\/alcalde49.jpg 480w, http:\/\/www.casariche.es\/wp-content\/uploads\/2015\/06\/alcalde49-300x225.jpg 300w\" sizes=\"auto, (max-width: 480px) 100vw, 480px\" \/><\/a><\/p>\n<p style=\"text-align: justify;\"><a href=\"http:\/\/www.casariche.es\/wp-content\/uploads\/2015\/06\/alcalde52.jpg\"><img loading=\"lazy\" decoding=\"async\" class=\"aligncenter size-full wp-image-10448\" src=\"http:\/\/www.casariche.es\/wp-content\/uploads\/2015\/06\/alcalde52.jpg\" alt=\"alcalde52\" width=\"480\" height=\"348\" srcset=\"http:\/\/www.casariche.es\/wp-content\/uploads\/2015\/06\/alcalde52.jpg 480w, http:\/\/www.casariche.es\/wp-content\/uploads\/2015\/06\/alcalde52-300x218.jpg 300w\" sizes=\"auto, (max-width: 480px) 100vw, 480px\" \/><\/a><\/p>\n","protected":false},"excerpt":{"rendered":"<p>Basilio Carri\u00f3n Gil ha sido investido Alcalde de Casariche para los pr\u00f3ximos cuatro a\u00f1os durante la sesi\u00f3n plenaria de constituci\u00f3n de la nueva Corporaci\u00f3n Municipal<\/p>\n","protected":false},"author":2,"featured_media":10447,"comment_status":"closed","ping_status":"open","sticky":false,"template":"","format":"standard","meta":{"footnotes":""},"categories":[5,1],"tags":[52,1140,195],"class_list":["post-10446","post","type-post","status-publish","format-standard","has-post-thumbnail","hentry","category-alcaldia","category-sin-categoria","tag-alcalde","tag-plenaria","tag-sesion"],"_links":{"self":[{"href":"http:\/\/www.casariche.es\/index.php?rest_route=\/wp\/v2\/posts\/10446","targetHints":{"allow":["GET"]}}],"collection":[{"href":"http:\/\/www.casariche.es\/index.php?rest_route=\/wp\/v2\/posts"}],"about":[{"href":"http:\/\/www.casariche.es\/index.php?rest_route=\/wp\/v2\/types\/post"}],"author":[{"embeddable":true,"href":"http:\/\/www.casariche.es\/index.php?rest_route=\/wp\/v2\/users\/2"}],"replies":[{"embeddable":true,"href":"http:\/\/www.casariche.es\/index.php?rest_route=%2Fwp%2Fv2%2Fcomments&post=10446"}],"version-history":[{"count":5,"href":"http:\/\/www.casariche.es\/index.php?rest_route=\/wp\/v2\/posts\/10446\/revisions"}],"predecessor-version":[{"id":10459,"href":"http:\/\/www.casariche.es\/index.php?rest_route=\/wp\/v2\/posts\/10446\/revisions\/10459"}],"wp:featuredmedia":[{"embeddable":true,"href":"http:\/\/www.casariche.es\/index.php?rest_route=\/wp\/v2\/media\/10447"}],"wp:attachment":[{"href":"http:\/\/www.casariche.es\/index.php?rest_route=%2Fwp%2Fv2%2Fmedia&parent=10446"}],"wp:term":[{"taxonomy":"category","embeddable":true,"href":"http:\/\/www.casariche.es\/index.php?rest_route=%2Fwp%2Fv2%2Fcategories&post=10446"},{"taxonomy":"post_tag","embeddable":true,"href":"http:\/\/www.casariche.es\/index.php?rest_route=%2Fwp%2Fv2%2Ftags&post=10446"}],"curies":[{"name":"wp","href":"https:\/\/api.w.org\/{rel}","templated":true}]}}